{"id":5558,"date":"2016-03-25T15:21:01","date_gmt":"2016-03-25T20:21:01","guid":{"rendered":"http:\/\/derechosinfronteras.pe\/?p=993"},"modified":"2023-12-28T20:55:24","modified_gmt":"2023-12-29T01:55:24","slug":"cotabambas-anuncia-un-nuevo-paro-interprovincial-de-48-horas-por-falta-de-dialogo","status":"publish","type":"post","link":"https:\/\/derechosinfronteras.pe\/ingles\/cotabambas-anuncia-un-nuevo-paro-interprovincial-de-48-horas-por-falta-de-dialogo\/","title":{"rendered":"Cotabambas anuncia un nuevo paro interprovincial de 48 horas por falta de di\u00e1logo"},"content":{"rendered":"<p>LUEGO DE OTRA POSTERGACI\u00d3N<\/p>\n<ul>\n<li><em>Funcionarios aducen retraso en el aeropuerto del Cusco <\/em><\/li>\n<li><em>Ejecutivo ha fijado nueva reuni\u00f3n tres d\u00edas antes de las elecciones presidenciales<\/em><\/li>\n<li><em>Gobierno aun no publica resoluci\u00f3n que reformula la mesa de di\u00e1logo de Cotabambas<\/em><\/li>\n<\/ul>\n<p>Luego de tres d\u00edas de espera y una nueva postergaci\u00f3n por parte del Ejecutivo para dar inicio al trabajo de la Mesa para el Desarrollo de la Provincia de Cotabambas, las autoridades locales y\u00a0 dirigentes sociales de la zona de influencia del proyecto minero Las Bambas, decidieron convocar a un paro de 48 horas en toda la provincia de Cotabambas.<\/p>\n<p>\u201cEste maltrato por parte del gobierno central, nos lleva a tomar la medida de acatar un paro de 48 horas a fin de que se den las condiciones m\u00ednimas de di\u00e1logo. Es decir, respeto a los actores sociales, transparencia y voluntad para llegar a los acuerdos\u201d, anunciaron a trav\u00e9s de un pronunciamiento.<\/p>\n<p>En este documento p\u00fablico os Frentes de Defensa de la provincia de Cotabambas, organizaciones sociales y sindicales, las comunidades campesinas y las autoridades, no han indicado una posible fecha de esta medida de protesta.<\/p>\n<p>Sin embargo, esta contundente decisi\u00f3n se tom\u00f3 luego que \u2013nuevamente- los pobladores de Cotabambas se quedaran esperando la llegada de los funcionarios designados por el Ejecutivo, quienes se justificaron se\u00f1alando la suspensi\u00f3n de los vuelos a Cusco debido a un accidente de rutina en el aeropuerto Velasco Astete. No obstante, <strong>los alcaldes y dirigentes no han aceptado esta justificaci\u00f3n por parte del Estado, que adem\u00e1s los ha mandado hasta el 7 de abril, tres d\u00edas antes de las elecciones presidenciales.<\/strong><\/p>\n<p>\u201cLa excusa de la reprogramaci\u00f3n de vuelos es inaceptable ya que las actividades en el aeropuerto de Cusco se vienen desarrollando con normalidad desde el lunes 21 por la ma\u00f1ana\u201d, indicaron.<\/p>\n<p>Se supon\u00eda que el lunes 21 de marzo estaba programado el inicio de los espacios de trabajo, espec\u00edficamente, se iba a empezar a trabajar el eje de medio ambiente en el cual se iba a tocar las modificaciones al Estudio de Impacto Ambiental (EIA) del proyecto Las Bambas, principal raz\u00f3n del conflicto en Apur\u00edmac.<\/p>\n<p>El martes la espera volvi\u00f3 a ser en vano. Se esperaba que funcionarios de la Presidencia del Consejo de Ministros, y los ministerios de Energ\u00eda y Minas y de Justicia est\u00e9n en Tambobamba para tratar el eje de derechos humanos y la situaci\u00f3n de los familiares de fallecidos y los que aun se encuentran detenidos.<\/p>\n<p>El inicio de las funciones de esta Mesa implica el cumplimiento de un cronograma, la validaci\u00f3n\u00a0 de la metodolog\u00eda del proceso, junto con las autoridades locales y los representantes de las comunidades.<\/p>\n<p>\u201cEl pueblo de la provincia de Cotabambas tiene un reclamo justo que tiene que ser atendido por el Estado y la empresa MMG. Ambos no pueden seguir postergando la soluci\u00f3n de un problema que se puede agravar con el transcurso del tiempo\u00bb, se\u00f1alaron.<\/p>\n<p><strong>Hace un mes<\/strong><\/p>\n<p>El d\u00eda 29 de febrero en la ciudad de Tambobamba se instal\u00f3 la mesa de di\u00e1logo de Cotabambas en presencia de los representantes de 30 organizaciones sociales, autoridades locales de dicha provincia, del gobernador regional de Apurimac y la empresa minera MMG. En esa fecha, vino una comisi\u00f3n conformada por: Guillermo Shinno (Viceministro de Minas), Wilberto Boluarte (Viceministro de Promoci\u00f3n del Empleo y Capacitaci\u00f3n Laboral) y Jos\u00e9 \u00c1vila (Jefe de la Oficina de Di\u00e1logo y Sostenibilidad de la PCM), entre otros altos funcionarios de los ministerios de Agricultura, Vivienda y Construcci\u00f3n, Ambiente, Desarrollo e Inclusi\u00f3n Social, Educaci\u00f3n y Salud.<\/p>\n<p>Pese al malestar de muchos dirigentes, ante la inasistencia de varios ministros de Estado, se acord\u00f3 trabajar en base a cuatro ejes: medio ambiente, derechos humanos, desarrollo sostenible y responsabilidad social empresarial en \u00e1reas de influencia de la mina Las Bambas. Precisamente, para tratar estos ejes se han programaron cuatro reuniones, los d\u00edas 21, 22, 29 y 30 de marzo para cada eje, respectivamente.<\/p>\n<p>Esta denominada mesa de di\u00e1logo se logr\u00f3 instalar luego de transcurridos seis meses del estallido del conflicto social y dos reuniones suspendidas por el Poder Ejecutivo.<\/p>\n<p><strong>DATOS SOBRE LOS EJES<\/strong><\/p>\n<p><strong>Medio ambiente<\/strong><\/p>\n<ul>\n<li>Abordar\u00e1 las cinco modificaciones realizadas al EIA.<\/li>\n<\/ul>\n<p><strong>Derechos Humanos <\/strong><\/p>\n<ul>\n<li>Prioridad la situaci\u00f3n de las viudas y hu\u00e9rfanos de las personas fallecidas en los enfrentamientos de setiembre de 2015<\/li>\n<li>Atenci\u00f3n de los heridos que todav\u00eda presentan problemas de salud.<\/li>\n<li>Situaci\u00f3n de las personas detenidas e investigadas por la fiscal\u00eda y la polic\u00eda tras las protestas sociales.<\/li>\n<\/ul>\n<p><strong>Desarrollo sostenible <\/strong><\/p>\n<ul>\n<li>Inversi\u00f3n estatal que aporte al desarrollo de la provincia de Cotabambas<\/li>\n<\/ul>\n<p><strong>Responsabilidad social empresarial <\/strong><\/p>\n<ul>\n<li>Se busca viabilizar los acuerdos y compromisos pendientes de la empresa minera MMG con las poblaciones de las \u00e1reas de influencia de la mina Las Bambas.<\/li>\n<\/ul>\n<p><strong>OTROS DATOS:<\/strong><\/p>\n<p>La Oficina de Di\u00e1logo y Sostenibilidad que viene desarrollando labores de Secretar\u00eda T\u00e9cnica, y es la que se encarga de coordinar con la presidencia del grupo de trabajo.<\/p>\n<p>Antes de culminar instalaci\u00f3n de la mesa, la sociedad civil local solicit\u00f3 la modificaci\u00f3n de la Resoluci\u00f3n Ministerial N\u00ba 263-2015-PCM de creaci\u00f3n de esta mesa de trabajo, tomando en consideraci\u00f3n el contexto real de su creaci\u00f3n.<\/p>\n<p><strong><em>Fuente: Observatorio de Conflictos Mineros \/ RED MUQUI Sur<\/em><\/strong><\/p>\n<p>&nbsp;<\/p>\n<p>&nbsp;<\/p>\n<p>&nbsp;<\/p>","protected":false},"excerpt":{"rendered":"<p>LUEGO DE OTRA POSTERGACI\u00d3N Funcionarios aducen retraso en el aeropuerto del Cusco Ejecutivo ha fijado nueva reuni\u00f3n tres d\u00edas antes de las elecciones presidenciales Gobierno aun no publica resoluci\u00f3n que reformula la mesa de di\u00e1logo de Cotabambas Luego de tres d\u00edas de espera y una nueva postergaci\u00f3n por parte del Ejecutivo para dar inicio al [&hellip;]<\/p>\n","protected":false},"author":1,"featured_media":5559,"comment_status":"closed","ping_status":"open","sticky":false,"template":"","format":"standard","meta":{"_monsterinsights_skip_tracking":false,"_monsterinsights_sitenote_active":false,"_monsterinsights_sitenote_note":"","_monsterinsights_sitenote_category":0,"_jetpack_memberships_contains_paid_content":false,"footnotes":"","jetpack_publicize_message":"","jetpack_publicize_feature_enabled":true,"jetpack_social_post_already_shared":false,"jetpack_social_options":{"image_generator_settings":{"template":"highway","default_image_id":0,"font":"","enabled":false},"version":2}},"categories":[1],"tags":[],"class_list":["post-5558","post","type-post","status-publish","format-standard","has-post-thumbnail","hentry","category-sin-categoria"],"blocksy_meta":[],"jetpack_publicize_connections":[],"jetpack_featured_media_url":"https:\/\/derechosinfronteras.pe\/wp-content\/uploads\/2016\/03\/Las-bambas-e1494266522287.jpg","jetpack_sharing_enabled":true,"jetpack_likes_enabled":true,"_links":{"self":[{"href":"https:\/\/derechosinfronteras.pe\/ingles\/wp-json\/wp\/v2\/posts\/5558","targetHints":{"allow":["GET"]}}],"collection":[{"href":"https:\/\/derechosinfronteras.pe\/ingles\/wp-json\/wp\/v2\/posts"}],"about":[{"href":"https:\/\/derechosinfronteras.pe\/ingles\/wp-json\/wp\/v2\/types\/post"}],"author":[{"embeddable":true,"href":"https:\/\/derechosinfronteras.pe\/ingles\/wp-json\/wp\/v2\/users\/1"}],"replies":[{"embeddable":true,"href":"https:\/\/derechosinfronteras.pe\/ingles\/wp-json\/wp\/v2\/comments?post=5558"}],"version-history":[{"count":8,"href":"https:\/\/derechosinfronteras.pe\/ingles\/wp-json\/wp\/v2\/posts\/5558\/revisions"}],"predecessor-version":[{"id":7110,"href":"https:\/\/derechosinfronteras.pe\/ingles\/wp-json\/wp\/v2\/posts\/5558\/revisions\/7110"}],"wp:featuredmedia":[{"embeddable":true,"href":"https:\/\/derechosinfronteras.pe\/ingles\/wp-json\/wp\/v2\/media\/5559"}],"wp:attachment":[{"href":"https:\/\/derechosinfronteras.pe\/ingles\/wp-json\/wp\/v2\/media?parent=5558"}],"wp:term":[{"taxonomy":"category","embeddable":true,"href":"https:\/\/derechosinfronteras.pe\/ingles\/wp-json\/wp\/v2\/categories?post=5558"},{"taxonomy":"post_tag","embeddable":true,"href":"https:\/\/derechosinfronteras.pe\/ingles\/wp-json\/wp\/v2\/tags?post=5558"}],"curies":[{"name":"wp","href":"https:\/\/api.w.org\/{rel}","templated":true}]}}