{"id":5563,"date":"2016-03-22T11:51:19","date_gmt":"2016-03-22T16:51:19","guid":{"rendered":"http:\/\/derechosinfronteras.pe\/?p=976"},"modified":"2016-03-22T11:51:19","modified_gmt":"2016-03-22T16:51:19","slug":"peru-industrias-extractivas-derechos-humanos-y-conflictos-sociales","status":"publish","type":"post","link":"https:\/\/derechosinfronteras.pe\/ingles\/peru-industrias-extractivas-derechos-humanos-y-conflictos-sociales\/","title":{"rendered":"Per\u00fa: industrias extractivas, derechos humanos y conflictos sociales"},"content":{"rendered":"<p>Hoy, la Comisi\u00f3n Internacional de Juristas (CIJ), con sede en GinebraCIJ, lanza su informe de misi\u00f3n sobre el impacto de las industrias extractivas en la vulneraci\u00f3n de los derechos econ\u00f3micos, sociales y culturales de la poblaci\u00f3n y en la exacerbaci\u00f3n de los conflictos sociales en Per\u00fa.<\/p>\n<p>El informe analiza las amenazas y violaciones a los derechos econ\u00f3micos, sociales y culturales, generadas durante la planificaci\u00f3n, la exploraci\u00f3n y la explotaci\u00f3n de recursos extractivos.<\/p>\n<p>Asimismo, este informe da cuenta de la respuesta estatal a las demandas de las comunidades frente a las exacciones y los abusos de los proyectos y actividades de las industrias extractivas que se plantean como grandes proyectos mineros.<\/p>\n<p>Finalmente, el informe formula recomendaciones al Estado Peruano para garantizar los derechos humanos, la protecci\u00f3n del medio ambiente y poner fin a los abusos y exacciones cometidas contra las comunidades.<\/p>\n<p>La Misi\u00f3n de observaci\u00f3n visit\u00f3 al Per\u00fa en el curso del mes de noviembre de 2015 po,\u00a0 y estuvo integrada por Mar\u00eda Clara Galvis (Colombia), Rafael Uzc\u00e1tegui (Venezuela) y Sandra Ratjen, Consejera jur\u00eddica principal responsable del Programa de Derechos Econ\u00f3micos, Sociales y Culturales de la CIJ.<\/p>\n<p>Al final del siguiente enlace pueden pueden apreciar el link al informe en PDF y el video que recoge los testimonios de Ruth Luque (Cusco), Yanet Rodriguez (Mala) y Liliana Carhuaz (La Oroya):<\/p>\n<p><a href=\"http:\/\/www.icj.org\/new-icj-report-video-clips-extractive-companies-human-rights-and-social-protests-in-peru\/\" target=\"_blank\" rel=\"noopener\">http:\/\/www.icj.org\/new-icj-report-video-clips-extractive-companies-human-rights-and-social-protests-in-peru\/<\/a><\/p>","protected":false},"excerpt":{"rendered":"<p>Hoy, la Comisi\u00f3n Internacional de Juristas (CIJ), con sede en GinebraCIJ, lanza su informe de misi\u00f3n sobre el impacto de las industrias extractivas en la vulneraci\u00f3n de los derechos econ\u00f3micos, sociales y culturales de la poblaci\u00f3n y en la exacerbaci\u00f3n de los conflictos sociales en Per\u00fa. El informe analiza las amenazas y violaciones a los [&hellip;]<\/p>\n","protected":false},"author":1,"featured_media":5564,"comment_status":"closed","ping_status":"open","sticky":false,"template":"","format":"standard","meta":{"_monsterinsights_skip_tracking":false,"_monsterinsights_sitenote_active":false,"_monsterinsights_sitenote_note":"","_monsterinsights_sitenote_category":0,"_jetpack_memberships_contains_paid_content":false,"footnotes":"","jetpack_publicize_message":"","jetpack_publicize_feature_enabled":true,"jetpack_social_post_already_shared":false,"jetpack_social_options":{"image_generator_settings":{"template":"highway","default_image_id":0,"font":"","enabled":false},"version":2}},"categories":[1],"tags":[],"class_list":["post-5563","post","type-post","status-publish","format-standard","has-post-thumbnail","hentry","category-sin-categoria"],"blocksy_meta":[],"jetpack_publicize_connections":[],"jetpack_featured_media_url":"https:\/\/derechosinfronteras.pe\/wp-content\/uploads\/2016\/03\/INFORME.jpg","jetpack_sharing_enabled":true,"jetpack_likes_enabled":true,"_links":{"self":[{"href":"https:\/\/derechosinfronteras.pe\/ingles\/wp-json\/wp\/v2\/posts\/5563","targetHints":{"allow":["GET"]}}],"collection":[{"href":"https:\/\/derechosinfronteras.pe\/ingles\/wp-json\/wp\/v2\/posts"}],"about":[{"href":"https:\/\/derechosinfronteras.pe\/ingles\/wp-json\/wp\/v2\/types\/post"}],"author":[{"embeddable":true,"href":"https:\/\/derechosinfronteras.pe\/ingles\/wp-json\/wp\/v2\/users\/1"}],"replies":[{"embeddable":true,"href":"https:\/\/derechosinfronteras.pe\/ingles\/wp-json\/wp\/v2\/comments?post=5563"}],"version-history":[{"count":0,"href":"https:\/\/derechosinfronteras.pe\/ingles\/wp-json\/wp\/v2\/posts\/5563\/revisions"}],"wp:featuredmedia":[{"embeddable":true,"href":"https:\/\/derechosinfronteras.pe\/ingles\/wp-json\/wp\/v2\/media\/5564"}],"wp:attachment":[{"href":"https:\/\/derechosinfronteras.pe\/ingles\/wp-json\/wp\/v2\/media?parent=5563"}],"wp:term":[{"taxonomy":"category","embeddable":true,"href":"https:\/\/derechosinfronteras.pe\/ingles\/wp-json\/wp\/v2\/categories?post=5563"},{"taxonomy":"post_tag","embeddable":true,"href":"https:\/\/derechosinfronteras.pe\/ingles\/wp-json\/wp\/v2\/tags?post=5563"}],"curies":[{"name":"wp","href":"https:\/\/api.w.org\/{rel}","templated":true}]}}