{"id":5566,"date":"2016-03-18T16:36:23","date_gmt":"2016-03-18T21:36:23","guid":{"rendered":"http:\/\/derechosinfronteras.pe\/?p=962"},"modified":"2023-12-28T20:58:07","modified_gmt":"2023-12-29T01:58:07","slug":"defensoriaq-del-pueblo-presentan-demanda-de-amparo-para-la-aprobacion-de-la-politica-de-salud-intercultural","status":"publish","type":"post","link":"https:\/\/derechosinfronteras.pe\/ingles\/defensoriaq-del-pueblo-presentan-demanda-de-amparo-para-la-aprobacion-de-la-politica-de-salud-intercultural\/","title":{"rendered":"Defensoria del Pueblo: presentan demanda de amparo para la aprobaci\u00f3n de la Pol\u00edtica de Salud Intercultural"},"content":{"rendered":"<div id=\"yiv2362264024linea_pn_txt_pq\">\n<ul class=\"yiv2362264024\">\n<li>Han transcurrido 18 meses desde la suscripci\u00f3n del acta de consulta y el Ejecutivo no cumple con los acuerdos con los pueblos ind\u00edgenas.<\/li>\n<\/ul>\n<\/div>\n<div id=\"yiv2362264024linea_pn_txt_scroll-base\">\n<div id=\"yiv2362264024linea_pn_txt_scroll-txt\">\n<div class=\"yiv2362264024\">La Defensor\u00eda del Pueblo y las organizaciones ind\u00edgenas nacionales presentaron una demanda de amparo contra la Presidencia del Consejo de Ministros (PCM) y el Ministerio de Salud (MINSA), solicitando que se cumpla con emitir el Decreto Supremo sobre la Pol\u00edtica de Salud Intercultural, en atenci\u00f3n a los acuerdos suscritos el 12 de setiembre del 2014 entre el Estado y los representantes de los pueblos ind\u00edgenas, durante el proceso de consulta previa llevado a cabo con relaci\u00f3n a dicha medida.<\/div>\n<div class=\"yiv2362264024\">El Defensor del Pueblo (e), Eduardo Vega Luna, se\u00f1al\u00f3 que la demanda fue presentada a solicitud de los pueblos ind\u00edgenas consultados ante la excesiva demora en la aprobaci\u00f3n del Decreto Supremo. \u201cHan transcurrido 18 meses desde la suscripci\u00f3n de los acuerdos del proceso de consulta. Nuestra instituci\u00f3n y los pueblos ind\u00edgenas hemos remitido diversas comunicaciones a la PCM y al MINSA. Sin embargo, hasta la fecha, no hemos obtenido respuesta\u201d, puntualiz\u00f3.<\/div>\n<div class=\"yiv2362264024\">El representante de la Defensor\u00eda del Pueblo indic\u00f3 que \u201cdicho proceso constituye una valiosa experiencia de dialogo para la construcci\u00f3n de una pol\u00edtica nacional orientada a reducir las brechas que han impedido a los pueblos ind\u00edgenas recibir una atenci\u00f3n de salud adecuada y con enfoque intercultural\u201d.<\/div>\n<div class=\"yiv2362264024\">La sustentaci\u00f3n de la demanda presentada hoy se\u00f1ala que los pueblos ind\u00edgenas conforman uno de los grupos humanos m\u00e1s olvidados y postergados por el Estado. Por ello \u2013en comparaci\u00f3n con otros grupos- presentan la expectativa de vida m\u00e1s baja, la mortalidad materna y neonatal m\u00e1s alta, as\u00ed como la mayor desnutrici\u00f3n infantil y el menor n\u00famero de partos atendidos por profesionales de la salud.<\/div>\n<div class=\"yiv2362264024\"><\/div>\n<div class=\"yiv2362264024\">\u201cEs tan deficitaria la atenci\u00f3n de salud que el 51.2% de las comunidades nativas carece de alg\u00fan tipo de establecimiento. Esto es un serio problema porque a las diversas epidemias presentes en contextos ind\u00edgenas como las enfermedades diarreicas agudas o la malaria se sumen otras nuevas como el VIH, la hepatitis B o la tuberculosis, que no est\u00e1n siendo adecuadamente atendidas\u201d, resalt\u00f3 el Defensor del Pueblo.<\/div>\n<div class=\"yiv2362264024\"><\/div>\n<div class=\"yiv2362264024\">Por su parte, Daniel S\u00e1nchez Vel\u00e1squez, jefe del Programa de Pueblos Ind\u00edgenas, subray\u00f3 que \u201cel no reconocimiento de las necesidades y pr\u00e1cticas de las comunidades no contribuye a superar las barreras culturales y las posibles situaciones de discriminaci\u00f3n que se presentan en la atenci\u00f3n de salud. Una de las quejas m\u00e1s frecuentes recogidas en reuniones con representantes ind\u00edgenas es que el personal de salud no habla su lengua y no conoce su cultura\u201d, indic\u00f3.<\/div>\n<div class=\"yiv2362264024\">S\u00e1nchez record\u00f3 que corresponde al Poder Ejecutivo cumplir con su compromiso de aprobar la Pol\u00edtica de Salud Intercultural que fue consultada, a fin de garantizar que los pueblos ind\u00edgenas cuenten con servicios de salud de calidad y debidamente abastecidos. \u201cEl servicio de salud debe contar con personal capacitado -que no discrimine, que comprenda sus dolencias- y bien remunerado. Asimismo, la distribuci\u00f3n del personal sanitario tiene que considerar las condiciones geogr\u00e1ficas, la dispersi\u00f3n y la escasa densidad poblacional\u201d, agreg\u00f3.<\/div>\n<div class=\"yiv2362264024\">La demanda cuenta con el respaldo de la Asociaci\u00f3n Inter\u00e9tnica de Desarrollo de la Selva Peruana (AIDESEP), la Confederaci\u00f3n de Nacionalidades Amaz\u00f3nicas del Per\u00fa (CONAP), la Organizaci\u00f3n Nacional de Mujeres Ind\u00edgenas Andinas y Amaz\u00f3nicas del Per\u00fa (ONAMIAP), la Confederaci\u00f3n Campesina del Per\u00fa (CCP), la Federaci\u00f3n Nacional de Mujeres Campesinas, Artesanas, Ind\u00edgenas, Nativas y Asalariadas del Per\u00fa (FENMUCARINAP), la Confederaci\u00f3n Nacional Agraria (CNA) y la Uni\u00f3n Nacional de Comunidades Aymaras (UNCA).<\/div>\n<div class=\"yiv2362264024\"><\/div>\n<div class=\"yiv2362264024\">Puede ver el video en el siguiente link:<\/div>\n<div class=\"yiv2362264024\">https:\/\/www.youtube.com\/watch?v=0No8gT5ahFg<\/div>\n<\/div>\n<\/div>","protected":false},"excerpt":{"rendered":"<p>Han transcurrido 18 meses desde la suscripci\u00f3n del acta de consulta y el Ejecutivo no cumple con los acuerdos con los pueblos ind\u00edgenas. La Defensor\u00eda del Pueblo y las organizaciones ind\u00edgenas nacionales presentaron una demanda de amparo contra la Presidencia del Consejo de Ministros (PCM) y el Ministerio de Salud (MINSA), solicitando que se cumpla [&hellip;]<\/p>\n","protected":false},"author":1,"featured_media":5567,"comment_status":"closed","ping_status":"open","sticky":false,"template":"","format":"standard","meta":{"_monsterinsights_skip_tracking":false,"_monsterinsights_sitenote_active":false,"_monsterinsights_sitenote_note":"","_monsterinsights_sitenote_category":0,"_jetpack_memberships_contains_paid_content":false,"footnotes":"","jetpack_publicize_message":"","jetpack_publicize_feature_enabled":true,"jetpack_social_post_already_shared":false,"jetpack_social_options":{"image_generator_settings":{"template":"highway","default_image_id":0,"font":"","enabled":false},"version":2}},"categories":[1],"tags":[],"class_list":["post-5566","post","type-post","status-publish","format-standard","has-post-thumbnail","hentry","category-sin-categoria"],"blocksy_meta":[],"jetpack_publicize_connections":[],"jetpack_featured_media_url":"https:\/\/derechosinfronteras.pe\/wp-content\/uploads\/2016\/03\/defensoria.jpg","jetpack_sharing_enabled":true,"jetpack_likes_enabled":true,"_links":{"self":[{"href":"https:\/\/derechosinfronteras.pe\/ingles\/wp-json\/wp\/v2\/posts\/5566","targetHints":{"allow":["GET"]}}],"collection":[{"href":"https:\/\/derechosinfronteras.pe\/ingles\/wp-json\/wp\/v2\/posts"}],"about":[{"href":"https:\/\/derechosinfronteras.pe\/ingles\/wp-json\/wp\/v2\/types\/post"}],"author":[{"embeddable":true,"href":"https:\/\/derechosinfronteras.pe\/ingles\/wp-json\/wp\/v2\/users\/1"}],"replies":[{"embeddable":true,"href":"https:\/\/derechosinfronteras.pe\/ingles\/wp-json\/wp\/v2\/comments?post=5566"}],"version-history":[{"count":1,"href":"https:\/\/derechosinfronteras.pe\/ingles\/wp-json\/wp\/v2\/posts\/5566\/revisions"}],"predecessor-version":[{"id":7163,"href":"https:\/\/derechosinfronteras.pe\/ingles\/wp-json\/wp\/v2\/posts\/5566\/revisions\/7163"}],"wp:featuredmedia":[{"embeddable":true,"href":"https:\/\/derechosinfronteras.pe\/ingles\/wp-json\/wp\/v2\/media\/5567"}],"wp:attachment":[{"href":"https:\/\/derechosinfronteras.pe\/ingles\/wp-json\/wp\/v2\/media?parent=5566"}],"wp:term":[{"taxonomy":"category","embeddable":true,"href":"https:\/\/derechosinfronteras.pe\/ingles\/wp-json\/wp\/v2\/categories?post=5566"},{"taxonomy":"post_tag","embeddable":true,"href":"https:\/\/derechosinfronteras.pe\/ingles\/wp-json\/wp\/v2\/tags?post=5566"}],"curies":[{"name":"wp","href":"https:\/\/api.w.org\/{rel}","templated":true}]}}