{"id":5568,"date":"2016-03-17T15:32:45","date_gmt":"2016-03-17T20:32:45","guid":{"rendered":"http:\/\/derechosinfronteras.pe\/?p=957"},"modified":"2016-03-17T15:32:45","modified_gmt":"2016-03-17T20:32:45","slug":"este-viernes-18-se-realizara-el-foro-electoral-sobre-politicas-para-pueblos-indigenas","status":"publish","type":"post","link":"https:\/\/derechosinfronteras.pe\/ingles\/este-viernes-18-se-realizara-el-foro-electoral-sobre-politicas-para-pueblos-indigenas\/","title":{"rendered":"Este viernes 18 se realizar\u00e1 el foro electoral sobre pol\u00edticas para pueblos ind\u00edgenas"},"content":{"rendered":"<p>El viernes 18 de marzo a partir de las 9 de la ma\u00f1ana en auditorio de la Universidad Antonio Ruiz de Montoya, situado en la Av. Paso de los Andes 970, Pueblo Libre, se realizar\u00e1 el Foro Electoral 2016: Pol\u00edticas P\u00fablicas sobre Pueblos Ind\u00edgenas con la participaci\u00f3n de candidatos al Congreso de la Rep\u00fablica. El ingreso es libre.<\/p>\n<p>El objetivo es promover un\u00a0debate informado, as\u00ed como profundizar en las propuestas de los partidos pol\u00edticos en la campa\u00f1a electoral sobre temas pendientes y prioritarios de la agenda ind\u00edgena.<\/p>\n<p>Entre ellos se encuentran la seguridad jur\u00eddica de los territorios e institucionalidad ind\u00edgena, el derecho a la consulta previa, el derecho de acceso al agua y los recursos naturales y la situaci\u00f3n de los conflictos socio ambientales en el Per\u00fa.<\/p>\n<p>Las agrupaciones pol\u00edticas que han confirmado su asistencia son:\u00a0Acci\u00f3n Popular, Alianza para el Progreso, Fuerza Popular, Frente Amplio, Peruanos por el Kambio y Todos por el Per\u00fa.<\/p>\n<p>El evento es organizado por el Colectivo Territorios Seguros, el Centro Amaz\u00f3nico de Antropolog\u00eda y Aplicaci\u00f3n Pr\u00e1ctica (CAAAP), la Red Muqui y el Instituto del Bien Com\u00fan (IBC).<\/p>\n<p>El foro est\u00e1 abierto a dirigentes ind\u00edgenas, instituciones de la sociedad civil, periodistas y p\u00fablico en general. Los organizadores invitan de manera especial a los medios de comunicaci\u00f3n.<\/p>\n<p>Los que deseen asistir deben confirmar su presencia a los correos: <a href=\"mailto:lhallazi@ibcperu.org\">lhallazi@ibcperu.org<\/a>, <a href=\"mailto:ehuaman@muqui.org\">ehuaman@muqui.org<\/a> o al tel\u00e9fono 332-6525.<\/p>\n<p>Acceda al programa del evento en el siguiente enlace:<\/p>\n<p><a href=\"https:\/\/ia601505.us.archive.org\/13\/items\/ProgramaEventoPPII18Demarzo\/Programa_eventoPPII_18%20demarzo.pdf\" target=\"_blank\" rel=\"noopener\">https:\/\/ia601505.us.archive.org\/13\/items\/ProgramaEventoPPII18Demarzo\/Programa_eventoPPII_18%20demarzo.pdf<\/a><\/p>","protected":false},"excerpt":{"rendered":"<p>El viernes 18 de marzo a partir de las 9 de la ma\u00f1ana en auditorio de la Universidad Antonio Ruiz de Montoya, situado en la Av. Paso de los Andes 970, Pueblo Libre, se realizar\u00e1 el Foro Electoral 2016: Pol\u00edticas P\u00fablicas sobre Pueblos Ind\u00edgenas con la participaci\u00f3n de candidatos al Congreso de la Rep\u00fablica. El [&hellip;]<\/p>\n","protected":false},"author":1,"featured_media":5569,"comment_status":"closed","ping_status":"open","sticky":false,"template":"","format":"standard","meta":{"_monsterinsights_skip_tracking":false,"_monsterinsights_sitenote_active":false,"_monsterinsights_sitenote_note":"","_monsterinsights_sitenote_category":0,"_jetpack_memberships_contains_paid_content":false,"footnotes":"","jetpack_publicize_message":"","jetpack_publicize_feature_enabled":true,"jetpack_social_post_already_shared":false,"jetpack_social_options":{"image_generator_settings":{"template":"highway","default_image_id":0,"font":"","enabled":false},"version":2}},"categories":[1],"tags":[],"class_list":["post-5568","post","type-post","status-publish","format-standard","has-post-thumbnail","hentry","category-sin-categoria"],"blocksy_meta":[],"jetpack_publicize_connections":[],"jetpack_featured_media_url":"https:\/\/derechosinfronteras.pe\/wp-content\/uploads\/2016\/03\/foroelectoral18marzo_ok_copy.png","jetpack_sharing_enabled":true,"jetpack_likes_enabled":true,"_links":{"self":[{"href":"https:\/\/derechosinfronteras.pe\/ingles\/wp-json\/wp\/v2\/posts\/5568","targetHints":{"allow":["GET"]}}],"collection":[{"href":"https:\/\/derechosinfronteras.pe\/ingles\/wp-json\/wp\/v2\/posts"}],"about":[{"href":"https:\/\/derechosinfronteras.pe\/ingles\/wp-json\/wp\/v2\/types\/post"}],"author":[{"embeddable":true,"href":"https:\/\/derechosinfronteras.pe\/ingles\/wp-json\/wp\/v2\/users\/1"}],"replies":[{"embeddable":true,"href":"https:\/\/derechosinfronteras.pe\/ingles\/wp-json\/wp\/v2\/comments?post=5568"}],"version-history":[{"count":0,"href":"https:\/\/derechosinfronteras.pe\/ingles\/wp-json\/wp\/v2\/posts\/5568\/revisions"}],"wp:featuredmedia":[{"embeddable":true,"href":"https:\/\/derechosinfronteras.pe\/ingles\/wp-json\/wp\/v2\/media\/5569"}],"wp:attachment":[{"href":"https:\/\/derechosinfronteras.pe\/ingles\/wp-json\/wp\/v2\/media?parent=5568"}],"wp:term":[{"taxonomy":"category","embeddable":true,"href":"https:\/\/derechosinfronteras.pe\/ingles\/wp-json\/wp\/v2\/categories?post=5568"},{"taxonomy":"post_tag","embeddable":true,"href":"https:\/\/derechosinfronteras.pe\/ingles\/wp-json\/wp\/v2\/tags?post=5568"}],"curies":[{"name":"wp","href":"https:\/\/api.w.org\/{rel}","templated":true}]}}