{"id":5570,"date":"2016-03-17T12:50:16","date_gmt":"2016-03-17T17:50:16","guid":{"rendered":"http:\/\/derechosinfronteras.pe\/?p=950"},"modified":"2016-03-17T12:50:16","modified_gmt":"2016-03-17T17:50:16","slug":"defensor-del-pueblo-exhorto-al-ministerio-de-salud-a-atender-con-urgencia-a-los-pueblos-indigenas","status":"publish","type":"post","link":"https:\/\/derechosinfronteras.pe\/ingles\/defensor-del-pueblo-exhorto-al-ministerio-de-salud-a-atender-con-urgencia-a-los-pueblos-indigenas\/","title":{"rendered":"Defensor del Pueblo exhort\u00f3 al Ministerio de Salud a atender con urgencia a los pueblos ind\u00edgenas"},"content":{"rendered":"<div class=\"yiv6506025314\">Tras conocer la grave situaci\u00f3n de salud de las comunidades nativas.<\/div>\n<div class=\"yiv6506025314\">\n<div id=\"yiv6506025314linea_pn_txt_pq\">\n<ul class=\"yiv6506025314\">\n<li>Se debe incorporar la vacuna antirr\u00e1bica en el Esquema Nacional de Vacunaci\u00f3n en aquellas zonas de alto riesgo.<\/li>\n<li>Urge declarar en emergencia sanitaria la zona de Santa Rosa de Serjali (Ucayali).<\/li>\n<\/ul>\n<\/div>\n<div id=\"yiv6506025314linea_pn_txt_scroll-base\">\n<div id=\"yiv6506025314linea_pn_txt_scroll-txt\">\n<div class=\"yiv6506025314\">Tras conocer la problem\u00e1tica que viene afectando la salud de los pueblos ind\u00edgenas de las regiones de Loreto, Pasco, Cusco y Ucayali, el Defensor del Pueblo (e), Eduardo Vega Luna exhort\u00f3 al Ministro de Salud, An\u00edbal Vel\u00e1squez, a adoptar medidas urgentes que eviten la afectaci\u00f3n de los derechos de esta poblaci\u00f3n.<\/div>\n<div class=\"yiv6506025314\">En relaci\u00f3n al brote de rabia silvestre transmitida por murci\u00e9lagos, el funcionario se\u00f1al\u00f3 que si bien se han declarado en emergencia algunas provincias, \u00abes necesario extender estas acciones a otros pueblos ind\u00edgenas de la regi\u00f3n amaz\u00f3nica que tambi\u00e9n se encuentran amenazados por esta enfermedad. Se debe incorporar la vacuna antirr\u00e1bica en el Esquema Nacional de Vacunaci\u00f3n a fin de evitar que otras personas pierdan la vida\u00bb, menciono.<\/div>\n<div class=\"yiv6506025314\"><\/div>\n<div class=\"yiv6506025314\">De otro lado, Vega Luna expres\u00f3 su preocupaci\u00f3n por la situaci\u00f3n de salud de los miembros del pueblo ind\u00edgena Nahua de Santa Rosa de Serjali, ubicado dentro de la Reserva Territorial Kugapakori, Nahua, Nanti y otros.<\/div>\n<div class=\"yiv6506025314\"><\/div>\n<div class=\"yiv6506025314\">De acuerdo con estudios realizados por los ministerios de Ambiente, Salud y Cultura, el 79% de la poblaci\u00f3n posee altos niveles de concentraci\u00f3n de mercurio inorg\u00e1nico en la orina. Adem\u00e1s, dichos estudios revelaron elevados niveles de este metal en los peces de mayor consumo y que el agua utilizada no cumple con los est\u00e1ndares para ser ingerida.<\/div>\n<div class=\"yiv6506025314\">Frente a ello, recomend\u00f3 declarar en emergencia sanitaria al asentamiento de Santa Rosa de Serjali, a la cuenca del r\u00edo Mishahua y a la comunidad nativa de Sepahua, a fin de brindarles una atenci\u00f3n especial e integral. \u00abEl alto grado de vulnerabilidad f\u00edsica, inmunol\u00f3gica y cultural los hace afrontar emergencias m\u00e9dicas constantes, por lo que es necesario la atenci\u00f3n debida inmediata\u00bb, indic\u00f3.<\/div>\n<div class=\"yiv6506025314\">Al respecto, tambi\u00e9n advirti\u00f3 que pese a que han transcurrido 18 meses desde que el Ministerio de Salud y las organizaciones nacionales representativas de los pueblos ind\u00edgenas arribaron a importantes acuerdos en el proceso de consulta previa de la Pol\u00edtica de Salud Intercultural, a\u00fan no ha sido aprobada por las m\u00e1s altas autoridades del Poder Ejecutivo.<\/div>\n<div class=\"yiv6506025314\">\u00abExhortamos a impulsar la emisi\u00f3n del decreto supremo que apruebe esta pol\u00edtica, respetando los compromisos alcanzados y de conformidad con los art\u00edculos 15\u00b0 de la Ley N\u00b029785 y 23.2\u00b0 de su reglamento. Ello contribuir\u00e1 a reducir las brechas que han impedido a los pueblos ind\u00edgenas recibir una atenci\u00f3n de salud adecuada y con enfoque intercultural\u00bb, recalc\u00f3 el Defensor del Pueblo.<\/div>\n<\/div>\n<\/div>\n<p><br class=\"yiv6506025314\" \/>\n<\/div>","protected":false},"excerpt":{"rendered":"<p>Tras conocer la grave situaci\u00f3n de salud de las comunidades nativas. Se debe incorporar la vacuna antirr\u00e1bica en el Esquema Nacional de Vacunaci\u00f3n en aquellas zonas de alto riesgo. Urge declarar en emergencia sanitaria la zona de Santa Rosa de Serjali (Ucayali). Tras conocer la problem\u00e1tica que viene afectando la salud de los pueblos ind\u00edgenas [&hellip;]<\/p>\n","protected":false},"author":1,"featured_media":5571,"comment_status":"closed","ping_status":"open","sticky":false,"template":"","format":"standard","meta":{"_monsterinsights_skip_tracking":false,"_monsterinsights_sitenote_active":false,"_monsterinsights_sitenote_note":"","_monsterinsights_sitenote_category":0,"_jetpack_memberships_contains_paid_content":false,"footnotes":"","jetpack_publicize_message":"","jetpack_publicize_feature_enabled":true,"jetpack_social_post_already_shared":false,"jetpack_social_options":{"image_generator_settings":{"template":"highway","default_image_id":0,"font":"","enabled":false},"version":2}},"categories":[1],"tags":[],"class_list":["post-5570","post","type-post","status-publish","format-standard","has-post-thumbnail","hentry","category-sin-categoria"],"blocksy_meta":[],"jetpack_publicize_connections":[],"jetpack_featured_media_url":"https:\/\/derechosinfronteras.pe\/wp-content\/uploads\/2016\/03\/612x408.jpg","jetpack_sharing_enabled":true,"jetpack_likes_enabled":true,"_links":{"self":[{"href":"https:\/\/derechosinfronteras.pe\/ingles\/wp-json\/wp\/v2\/posts\/5570","targetHints":{"allow":["GET"]}}],"collection":[{"href":"https:\/\/derechosinfronteras.pe\/ingles\/wp-json\/wp\/v2\/posts"}],"about":[{"href":"https:\/\/derechosinfronteras.pe\/ingles\/wp-json\/wp\/v2\/types\/post"}],"author":[{"embeddable":true,"href":"https:\/\/derechosinfronteras.pe\/ingles\/wp-json\/wp\/v2\/users\/1"}],"replies":[{"embeddable":true,"href":"https:\/\/derechosinfronteras.pe\/ingles\/wp-json\/wp\/v2\/comments?post=5570"}],"version-history":[{"count":0,"href":"https:\/\/derechosinfronteras.pe\/ingles\/wp-json\/wp\/v2\/posts\/5570\/revisions"}],"wp:featuredmedia":[{"embeddable":true,"href":"https:\/\/derechosinfronteras.pe\/ingles\/wp-json\/wp\/v2\/media\/5571"}],"wp:attachment":[{"href":"https:\/\/derechosinfronteras.pe\/ingles\/wp-json\/wp\/v2\/media?parent=5570"}],"wp:term":[{"taxonomy":"category","embeddable":true,"href":"https:\/\/derechosinfronteras.pe\/ingles\/wp-json\/wp\/v2\/categories?post=5570"},{"taxonomy":"post_tag","embeddable":true,"href":"https:\/\/derechosinfronteras.pe\/ingles\/wp-json\/wp\/v2\/tags?post=5570"}],"curies":[{"name":"wp","href":"https:\/\/api.w.org\/{rel}","templated":true}]}}