{"id":5572,"date":"2016-03-16T14:23:50","date_gmt":"2016-03-16T19:23:50","guid":{"rendered":"http:\/\/derechosinfronteras.pe\/?p=943"},"modified":"2023-12-28T20:58:12","modified_gmt":"2023-12-29T01:58:12","slug":"apurimac-pobladores-realizan-marcha-de-sacrifico-en-lima-contra-el-proyecto-minero-mmg-las-bambas","status":"publish","type":"post","link":"https:\/\/derechosinfronteras.pe\/ingles\/apurimac-pobladores-realizan-marcha-de-sacrifico-en-lima-contra-el-proyecto-minero-mmg-las-bambas\/","title":{"rendered":"Apur\u00edmac: Pobladores realizan marcha en Lima contra el proyecto minero MMG LAS BAMBAS."},"content":{"rendered":"<p>Frente a la imposibilidad de dialogo entre los pobladores de Apur\u00edmac y la empresa minera LAS BAMBAS, los pobladores de Apur\u00edmac y sus 47 comunidades, cuyas tierras son \u00e1reas de influencia por la minera LAS BAMBAS, iniciaron desde el martes 15 una marcha de sacrificio pac\u00edfico al congreso de la rep\u00fablica y a la embajada China para ser escuchados.<\/p>\n<p>Asimismo preparan m\u00e1s acciones de lucha para seguir remeciendo Lima con la protesta campesina contra el proyecto seg\u00fan los manifestantes \u201cimperialista de Las Bambas\u201d para este jueves 17 de marzo, que se tiene previsto realizar un plant\u00f3n en la embajada de China a las 6 de la tarde.<\/p>\n<h4>El pliego de peticiones de los pobladores de Apur\u00edmac frente a la movilizaci\u00f3n es:<\/h4>\n<p>1) Nulidad de todos los contratos y actos que el gran capital minero de MMG Las Bambas ha realizado en las comunidades afectadas.<\/p>\n<p>2) Respeto al convenio 169 de la OIT.<\/p>\n<p>3) Respeto a la soberan\u00eda de los recursos naturales<\/p>\n<p>4) Por el reconocimiento de la titularidad de la tierra de las comunidades campesinas.<\/p>\n<p>5) Trato directo con la empresa minera MMG para resolver sus reclamos.<\/p>\n<p>6) otros.<\/p>\n<p>L\u00edderes\u00a0de las 47 comunidades de las provincias de Cotabambas y Grau pasar\u00e1n sus noches en una playa de estacionamiento en el Centro de Lima hasta el lunes. Luego volver\u00e1n a ocupar la Plaza Luis Alberto S\u00e1nchez, frente al Parque Universitario. Tambi\u00e9n La Federaci\u00f3n Departamental de Instituciones Apurime\u00f1as en Lima (FEDIRAL APURIMAC), se unir\u00e1n a la marcha en las pr\u00f3ximas horas.<\/p>\n<p><strong>Algunos datos:<\/strong><\/p>\n<p>Con reservas minerales de 6.9 millones de toneladas de cobre y recursos minerales por 10.5 millones de toneladas m\u00e9tricas de cobre, Las Bambas es el proyecto minero m\u00e1s grande del pa\u00eds y cuenta con una inversi\u00f3n de 10 000 millones de d\u00f3lares.<\/p>\n<p>Cabe recordar que la empresa minera Las BAMBAS ya ha tenido problemas con algunas comunidades afectadas por el proyecto, al no respetar los convenios ni los recursos naturales de la zona.<\/p>\n<p><a href=\"http:\/\/derechosinfronteras.pe\/wp-content\/uploads\/2016\/03\/Apurimac-ontra-las-bambas-1.jpg\" rel=\"attachment wp-att-947\"><img fetchpriority=\"high\" decoding=\"async\" class=\"wp-image-947 aligncenter\" src=\"http:\/\/derechosinfronteras.pe\/wp-content\/uploads\/2016\/03\/Apurimac-ontra-las-bambas-1.jpg\" alt=\"Apurimac ontra las bambas\" width=\"541\" height=\"304\" \/><\/a><a href=\"http:\/\/derechosinfronteras.pe\/wp-content\/uploads\/2016\/03\/apurimac-ontra-las-bambas-lima.jpg\" rel=\"attachment wp-att-945\"><img decoding=\"async\" class=\"wp-image-945 aligncenter\" src=\"http:\/\/derechosinfronteras.pe\/wp-content\/uploads\/2016\/03\/apurimac-ontra-las-bambas-lima.jpg\" alt=\"apurimac ontra las bambas lima\" width=\"548\" height=\"308\" \/><\/a><\/p>\n<p style=\"text-align: center;\">Derechos Humanos sin Fronteras<\/p>\n<p style=\"text-align: center;\">Fuente imagen &#8211; fotos: Maldeojo &#8211; Facebook\/ Jos\u00e9 Mar\u00eda Arguedas.<\/p>\n<p style=\"text-align: center;\">Lideres Chankas en pie de Lucha contra las Bambas.<\/p>","protected":false},"excerpt":{"rendered":"<p>Frente a la imposibilidad de dialogo entre los pobladores de Apur\u00edmac y la empresa minera LAS BAMBAS, los pobladores de Apur\u00edmac y sus 47 comunidades, cuyas tierras son \u00e1reas de influencia por la minera LAS BAMBAS, iniciaron desde el martes 15 una marcha de sacrificio pac\u00edfico al congreso de la rep\u00fablica y a la embajada [&hellip;]<\/p>\n","protected":false},"author":1,"featured_media":5573,"comment_status":"closed","ping_status":"open","sticky":false,"template":"","format":"standard","meta":{"_monsterinsights_skip_tracking":false,"_monsterinsights_sitenote_active":false,"_monsterinsights_sitenote_note":"","_monsterinsights_sitenote_category":0,"_jetpack_memberships_contains_paid_content":false,"footnotes":"","jetpack_publicize_message":"","jetpack_publicize_feature_enabled":true,"jetpack_social_post_already_shared":false,"jetpack_social_options":{"image_generator_settings":{"template":"highway","default_image_id":0,"font":"","enabled":false},"version":2}},"categories":[1],"tags":[],"class_list":["post-5572","post","type-post","status-publish","format-standard","has-post-thumbnail","hentry","category-sin-categoria"],"blocksy_meta":[],"jetpack_publicize_connections":[],"jetpack_featured_media_url":"https:\/\/derechosinfronteras.pe\/wp-content\/uploads\/2016\/03\/comuneros-las-bambas-e1494267195206.jpg","jetpack_sharing_enabled":true,"jetpack_likes_enabled":true,"_links":{"self":[{"href":"https:\/\/derechosinfronteras.pe\/ingles\/wp-json\/wp\/v2\/posts\/5572","targetHints":{"allow":["GET"]}}],"collection":[{"href":"https:\/\/derechosinfronteras.pe\/ingles\/wp-json\/wp\/v2\/posts"}],"about":[{"href":"https:\/\/derechosinfronteras.pe\/ingles\/wp-json\/wp\/v2\/types\/post"}],"author":[{"embeddable":true,"href":"https:\/\/derechosinfronteras.pe\/ingles\/wp-json\/wp\/v2\/users\/1"}],"replies":[{"embeddable":true,"href":"https:\/\/derechosinfronteras.pe\/ingles\/wp-json\/wp\/v2\/comments?post=5572"}],"version-history":[{"count":1,"href":"https:\/\/derechosinfronteras.pe\/ingles\/wp-json\/wp\/v2\/posts\/5572\/revisions"}],"predecessor-version":[{"id":7164,"href":"https:\/\/derechosinfronteras.pe\/ingles\/wp-json\/wp\/v2\/posts\/5572\/revisions\/7164"}],"wp:featuredmedia":[{"embeddable":true,"href":"https:\/\/derechosinfronteras.pe\/ingles\/wp-json\/wp\/v2\/media\/5573"}],"wp:attachment":[{"href":"https:\/\/derechosinfronteras.pe\/ingles\/wp-json\/wp\/v2\/media?parent=5572"}],"wp:term":[{"taxonomy":"category","embeddable":true,"href":"https:\/\/derechosinfronteras.pe\/ingles\/wp-json\/wp\/v2\/categories?post=5572"},{"taxonomy":"post_tag","embeddable":true,"href":"https:\/\/derechosinfronteras.pe\/ingles\/wp-json\/wp\/v2\/tags?post=5572"}],"curies":[{"name":"wp","href":"https:\/\/api.w.org\/{rel}","templated":true}]}}