{"id":5576,"date":"2016-03-15T10:52:50","date_gmt":"2016-03-15T15:52:50","guid":{"rendered":"http:\/\/derechosinfronteras.pe\/?p=937"},"modified":"2023-12-28T20:54:49","modified_gmt":"2023-12-29T01:54:49","slug":"designan-al-nuevo-secretario-general-del-organismo-de-evaluacion-y-fiscalizacion-ambiental-oefa","status":"publish","type":"post","link":"https:\/\/derechosinfronteras.pe\/ingles\/designan-al-nuevo-secretario-general-del-organismo-de-evaluacion-y-fiscalizacion-ambiental-oefa\/","title":{"rendered":"Designan al nuevo Secretario General del Organismo de Evaluaci\u00f3n y Fiscalizaci\u00f3n Ambiental &#8211; OEFA"},"content":{"rendered":"<div id=\"stcpDiv\">\n<p class=\"cuerpo\">El organismo de evaluacion y fiscalizacion ambiental del estado (OEFA) al ser un organismo p\u00fablico t\u00e9cnico especializado, adscrito al Ministerio del Ambiente, encargado de la fiscalizaci\u00f3n ambiental y de\u00a0asegurar el adecuado equilibrio entre la inversi\u00f3n privada en actividades extractivas y la protecci\u00f3n ambiental, este lunes 14 de marzo encargo\u00a0 las funciones para elaborar y actualizar el Portal de Transparencia del OEFA.<\/p>\n<p class=\"cuerpo\">El Presidente del Consejo Directivo designo al abogado <strong>Mauricio Augusto Ricardo Cuadra Moreno<\/strong> en el cargo de Secretario General del Organismo de Evaluaci\u00f3n y Fiscalizaci\u00f3n Ambiental &#8211; OEFA, quien iniciara con sus funciones a pertir del 1 de abril del 2016.<\/p>\n<p>Cabe se\u00f1alar que el nuevo secretario general del OEFA tendra la tarea de continuar con la\u00a0 fiscalizaci\u00f3n ambiental que desarrolla el OEFA, asimismo de seguir realizando la vigilancia y monitoreo de la calidad del ambiente\u00a0y sus componentes (<em>v.\u00a0gr.<\/em>\u00a0agua, aire, suelo, flora y fauna). Adem\u00e1s, implica la identificaci\u00f3n de pasivos ambientales del Subsector Hidrocarburos, para el cumplimiento de obligaciones ambientales fiscalizables que comprende la facultad de dictar medidas preventivas, mandatos de car\u00e1cter particular y requerimientos de actualizaci\u00f3n de instrumentos de gesti\u00f3n ambiental, por ello comprende la investigaci\u00f3n de la comisi\u00f3n de posibles infracciones administrativas, y la imposici\u00f3n de sanciones, medidas cautelares y correctivas mediante la cual se administrara el Registro de Buenas Pr\u00e1cticas Ambientales.<\/p>\n<p style=\"text-align: center;\">Mauricio Augusto Ricardo Cuadra Moreno \/ Secretario General del OEFA<\/p>\n<p style=\"text-align: center;\">Fuente imagen: OEFA.PE<\/p>\n<\/div>","protected":false},"excerpt":{"rendered":"<p>El organismo de evaluacion y fiscalizacion ambiental del estado (OEFA) al ser un organismo p\u00fablico t\u00e9cnico especializado, adscrito al Ministerio del Ambiente, encargado de la fiscalizaci\u00f3n ambiental y de\u00a0asegurar el adecuado equilibrio entre la inversi\u00f3n privada en actividades extractivas y la protecci\u00f3n ambiental, este lunes 14 de marzo encargo\u00a0 las funciones para elaborar y actualizar [&hellip;]<\/p>\n","protected":false},"author":1,"featured_media":0,"comment_status":"closed","ping_status":"open","sticky":false,"template":"","format":"standard","meta":{"_monsterinsights_skip_tracking":false,"_monsterinsights_sitenote_active":false,"_monsterinsights_sitenote_note":"","_monsterinsights_sitenote_category":0,"_jetpack_memberships_contains_paid_content":false,"footnotes":"","jetpack_publicize_message":"","jetpack_publicize_feature_enabled":true,"jetpack_social_post_already_shared":false,"jetpack_social_options":{"image_generator_settings":{"template":"highway","default_image_id":0,"font":"","enabled":false},"version":2}},"categories":[1],"tags":[],"class_list":["post-5576","post","type-post","status-publish","format-standard","hentry","category-sin-categoria"],"blocksy_meta":[],"jetpack_publicize_connections":[],"jetpack_featured_media_url":"","jetpack_sharing_enabled":true,"jetpack_likes_enabled":true,"_links":{"self":[{"href":"https:\/\/derechosinfronteras.pe\/ingles\/wp-json\/wp\/v2\/posts\/5576","targetHints":{"allow":["GET"]}}],"collection":[{"href":"https:\/\/derechosinfronteras.pe\/ingles\/wp-json\/wp\/v2\/posts"}],"about":[{"href":"https:\/\/derechosinfronteras.pe\/ingles\/wp-json\/wp\/v2\/types\/post"}],"author":[{"embeddable":true,"href":"https:\/\/derechosinfronteras.pe\/ingles\/wp-json\/wp\/v2\/users\/1"}],"replies":[{"embeddable":true,"href":"https:\/\/derechosinfronteras.pe\/ingles\/wp-json\/wp\/v2\/comments?post=5576"}],"version-history":[{"count":4,"href":"https:\/\/derechosinfronteras.pe\/ingles\/wp-json\/wp\/v2\/posts\/5576\/revisions"}],"predecessor-version":[{"id":7100,"href":"https:\/\/derechosinfronteras.pe\/ingles\/wp-json\/wp\/v2\/posts\/5576\/revisions\/7100"}],"wp:attachment":[{"href":"https:\/\/derechosinfronteras.pe\/ingles\/wp-json\/wp\/v2\/media?parent=5576"}],"wp:term":[{"taxonomy":"category","embeddable":true,"href":"https:\/\/derechosinfronteras.pe\/ingles\/wp-json\/wp\/v2\/categories?post=5576"},{"taxonomy":"post_tag","embeddable":true,"href":"https:\/\/derechosinfronteras.pe\/ingles\/wp-json\/wp\/v2\/tags?post=5576"}],"curies":[{"name":"wp","href":"https:\/\/api.w.org\/{rel}","templated":true}]}}