{"id":5577,"date":"2016-03-14T16:25:10","date_gmt":"2016-03-14T21:25:10","guid":{"rendered":"http:\/\/derechosinfronteras.pe\/?p=923"},"modified":"2023-12-28T20:54:44","modified_gmt":"2023-12-29T01:54:44","slug":"derechos-de-los-pueblos-indigenas-y-amazonia-en-los-planes-de-gobierno","status":"publish","type":"post","link":"https:\/\/derechosinfronteras.pe\/ingles\/derechos-de-los-pueblos-indigenas-y-amazonia-en-los-planes-de-gobierno\/","title":{"rendered":"Derechos de los Pueblos Ind\u00edgenas y Amazon\u00eda en cinco Planes de Gobierno"},"content":{"rendered":"<p><b><\/b>A tres semanas de la votaci\u00f3n para elegir a las autoridades presidenciales y congresales en el Per\u00fa, la foto de las cinco primeras candidaturas con mayor intenci\u00f3n de voto en las encuestas nacionales presentan en orden de preferencia: Fuerza Popular, Peruanos por el Kambio, Acci\u00f3n Popular, Frente Amplio por Justicia, Vida y Libertad y la Alianza Popular.<\/p>\n<div>Nos hemos preguntado sobre sus Visiones de Pa\u00eds y el lugar que ocupan en ellas los Pueblos Ind\u00edgenas y la Amazon\u00eda, as\u00ed como las principales pol\u00edticas de sus respectivos Planes de Gobierno que se orientan ha promover el logro de sus Visiones de Pa\u00eds. En esa perspectiva hemos revisado y destacado las pol\u00edticas que presentamos en la Tabla adjunta, ordenado en cuatro campos:<\/div>\n<div><\/div>\n<ol>\n<li>La importancia en la Visi\u00f3n de Pa\u00eds y alguno de sus objetivos estrat\u00e9gicos. Varios se refieren a los Pueblos Ind\u00edgenas u Originarios como tales, otros simplemente ni los mencionan prefieren referirse a ellos como \u00abdiversidad cultural\u00bb (Alianza Popular-Alan Garc\u00eda) o en su condici\u00f3n de \u00abpoblaci\u00f3n originaria\u00bb, de \u00abcomunidades campesinas y nativas\u00bb. Un sector de partidos pone \u00e9nfasis en su protecci\u00f3n asociado a la diversidad de la identidad nacional o la Amazon\u00eda sostenible. Su incorporaci\u00f3n en el Estado bajo la modalidad de Plurinacionalidad es la propuesta del Frente Amplio.<\/li>\n<li>Pol\u00edticas sobre Derechos Colectivos de los Pueblos Ind\u00edgenas. Aqu\u00ed hemos resaltado las referidas a Territorio, Institucionalidad y Participaci\u00f3n-Consulta Previa. Casi todos apuestan por la continuidad de las pol\u00edticas existentes, es decir ning\u00fan derecho territorial efectivo m\u00e1s all\u00e1 de las restringidas a las que tienen las Comunidades Campesinas y\u00a0 Nativas, afirmando completar la Titulaci\u00f3n Comunal. Adem\u00e1s de culminar con la Titulaci\u00f3n comunal, la propuesta de considerar Derechos de territorialidad indigena y respaldar la demanda de Territorio Integral que vienen documentando algunos Pueblos Ind\u00edgenas, es la que corresponde al Frente Amplio. De igual modo, proponen su representaci\u00f3n en los gobiernos regionales y locales as\u00ed como en el Congreso mediante distrito electoral ind\u00edgena. La ausencia de pol\u00edticas efectivas que aseguren esos derechos, los vac\u00edos mayores Alianza Popular, Fuerza Popular y PPK.<\/li>\n<li>Pol\u00edticas sobre Amazon\u00eda Peruana. Sorprende que la Amazon\u00eda en varios Planes de Gobierno &#8211; incluido el del Frente Amplio &#8211; no sea tratado a nivel de objetivos estrat\u00e9gicos y por tanto le correspondan pol\u00edticas espec\u00edficas, m\u00e1s bien se presentan de modo disperso pol\u00edticas insuficientes, sobre una mega ecosistema que tiene implicancias en la lucha por defender la vida del y en el planeta Tierra. En otros como en los partidos de Fuerza Popular (que todo lo quiere mercantilizar), PPK o Alianza Popular, la Amazon\u00eda es un espacio para ejecutar megaproyectos (ferrocarril, hidroel\u00e9ctricas, hidrocarburos, plantaciones forestales comerciales en 1 o 2 millones de hect\u00e1reas&#8230;.) y consolidar el progreso del Per\u00fa. En esa l\u00f3gica de asegurar progreso con \u00abigualdad\u00bb, Acci\u00f3n Popular se propone actualizarse en la realidad de la Amazon\u00eda, pero adem\u00e1s de participaci\u00f3n y consulta previa &#8211; que todos est\u00e1n obligados a garantizar de acuerdo al Convenio 169-OIT &#8211; no hay propuestas para responder a las demandas de diversificaci\u00f3n productiva como parte del sistema agro-forestal hacia el Buen Vivir de los Pueblos Ind\u00edgenas.<\/li>\n<li>Pol\u00edtica sobre actividades extractivas y los conflictos. Si en los anteriores campos, las pol\u00edticas eran escasas &#8211; casi nulas en el caso de Alianza Popular &#8211; en este campo convergen las propuestas legislativas &#8211; en alg\u00fan caso hasta con reforma constitucional para que las comunidades inviertan &#8211; para facilitar m\u00e1s la expansi\u00f3n y cristalizaci\u00f3n de los mega proyectos extractivos, beneficiar directamente a las comunidades donde se ubica el proyecto y las aleda\u00f1as al mismo (\u00abregal\u00eda\u00bb, \u00abadelanto con obras sociales\u00bb, \u00abcanon comunal\u00bb). Adem\u00e1s se repite la propuesta de creaci\u00f3n de sistemas nacionales de prevenci\u00f3n y gesti\u00f3n de conflictos sociales, en el caso de Alianza Popular no lo plantea en sustituci\u00f3n afirma que una de las medidas de urgencia en los primeros 100 d\u00edas ser\u00e1 establecer que la Fuerza Armada apoye a la Polic\u00eda Nacional durante 1 a\u00f1o para fines de la seguridad ciudadana. Lo que no asombra, por su autor\u00eda pol\u00edtica en el desalojo con armamento de guerra en el suceso conocido como Baguazo.<\/li>\n<\/ol>\n<div>Ustedes har\u00e1n su propia interpretaci\u00f3n y valoraci\u00f3n pol\u00edtica de las propuesta y apuestas que est\u00e1n en el escenario electoral, no es poca cosa: la mayor\u00eda de partidos especialmente los punteros en la intenci\u00f3n de voto conllevan el riesgo de la continuidad y expansi\u00f3n agresiva de pol\u00edticas colonizadoras y depredadoras en la Amazon\u00eda peruana.<\/div>\n<div><\/div>\n<div><\/div>\n<div><\/div>\n<div style=\"text-align: right;\"><em><strong>Marlene Castillo, Santa Mar\u00eda de Nieva<\/strong><\/em><\/div>\n<div style=\"text-align: right;\"><strong>Cooperaccion.<\/strong><\/div>","protected":false},"excerpt":{"rendered":"<p>A tres semanas de la votaci\u00f3n para elegir a las autoridades presidenciales y congresales en el Per\u00fa, la foto de las cinco primeras candidaturas con mayor intenci\u00f3n de voto en las encuestas nacionales presentan en orden de preferencia: Fuerza Popular, Peruanos por el Kambio, Acci\u00f3n Popular, Frente Amplio por Justicia, Vida y Libertad y la [&hellip;]<\/p>\n","protected":false},"author":1,"featured_media":0,"comment_status":"closed","ping_status":"open","sticky":false,"template":"","format":"standard","meta":{"_monsterinsights_skip_tracking":false,"_monsterinsights_sitenote_active":false,"_monsterinsights_sitenote_note":"","_monsterinsights_sitenote_category":0,"_jetpack_memberships_contains_paid_content":false,"footnotes":"","jetpack_publicize_message":"","jetpack_publicize_feature_enabled":true,"jetpack_social_post_already_shared":false,"jetpack_social_options":{"image_generator_settings":{"template":"highway","default_image_id":0,"font":"","enabled":false},"version":2}},"categories":[1],"tags":[],"class_list":["post-5577","post","type-post","status-publish","format-standard","hentry","category-sin-categoria"],"blocksy_meta":[],"jetpack_publicize_connections":[],"jetpack_featured_media_url":"","jetpack_sharing_enabled":true,"jetpack_likes_enabled":true,"_links":{"self":[{"href":"https:\/\/derechosinfronteras.pe\/ingles\/wp-json\/wp\/v2\/posts\/5577","targetHints":{"allow":["GET"]}}],"collection":[{"href":"https:\/\/derechosinfronteras.pe\/ingles\/wp-json\/wp\/v2\/posts"}],"about":[{"href":"https:\/\/derechosinfronteras.pe\/ingles\/wp-json\/wp\/v2\/types\/post"}],"author":[{"embeddable":true,"href":"https:\/\/derechosinfronteras.pe\/ingles\/wp-json\/wp\/v2\/users\/1"}],"replies":[{"embeddable":true,"href":"https:\/\/derechosinfronteras.pe\/ingles\/wp-json\/wp\/v2\/comments?post=5577"}],"version-history":[{"count":4,"href":"https:\/\/derechosinfronteras.pe\/ingles\/wp-json\/wp\/v2\/posts\/5577\/revisions"}],"predecessor-version":[{"id":7098,"href":"https:\/\/derechosinfronteras.pe\/ingles\/wp-json\/wp\/v2\/posts\/5577\/revisions\/7098"}],"wp:attachment":[{"href":"https:\/\/derechosinfronteras.pe\/ingles\/wp-json\/wp\/v2\/media?parent=5577"}],"wp:term":[{"taxonomy":"category","embeddable":true,"href":"https:\/\/derechosinfronteras.pe\/ingles\/wp-json\/wp\/v2\/categories?post=5577"},{"taxonomy":"post_tag","embeddable":true,"href":"https:\/\/derechosinfronteras.pe\/ingles\/wp-json\/wp\/v2\/tags?post=5577"}],"curies":[{"name":"wp","href":"https:\/\/api.w.org\/{rel}","templated":true}]}}