{"id":5578,"date":"2016-03-14T15:52:47","date_gmt":"2016-03-14T20:52:47","guid":{"rendered":"http:\/\/derechosinfronteras.pe\/?p=920"},"modified":"2016-03-14T15:52:47","modified_gmt":"2016-03-14T20:52:47","slug":"v-congreso-paruro-warminkuna-hunurisqa-paruro-llaqtanchista-tikarichisun","status":"publish","type":"post","link":"https:\/\/derechosinfronteras.pe\/ingles\/v-congreso-paruro-warminkuna-hunurisqa-paruro-llaqtanchista-tikarichisun\/","title":{"rendered":"V Congreso Paruro &#8211; \u201cWarminkuna Hu\u00f1urisqa Paruro Llaqtanchista T\u2019ikarichisun\u201d"},"content":{"rendered":"<p>Este 17 y 18 de marzo en el distrito de Huanoquite se realizara el -V CONGRESO PROVINCIAL DE ORGANIZACIONES DE MUJERES DE LA PROVINCIA DE PARURO &#8211; REGION CUSCO, denominado \u201cWarminkuna Hu\u00f1urisqa Paruro Llaqtanchista T\u2019ikarichisun\u201d (mujeres juntas, hagamos florecer nuestro pueblo Paruro), con el objetivo de fortalecer la organizaci\u00f3n provincial de mujeres y sus bases para posicionar mejor las propuestas de desarrollo de las mujeres.<\/p>\n<p>Asimismo para fortalecer las capacidades de mujeres y lideresas, construir estrategias de posicionamiento de las mujeres en espacios de participaci\u00f3n multidimensional a nivel distrital, provincial y regional, promover la discusi\u00f3n y an\u00e1lisis de la realidad provincial, impulsar la formalizaci\u00f3n y reconocimiento formal de las organizaciones de mujeres de todos los distritos de Paruro y generar propuestas de articulaci\u00f3n y de lineamientos de pol\u00edtica provincial de juventud de mediano, corto y largo plazo.<\/p>\n<p>Este evento es organizado por la Asociaci\u00f3n Provincial de Organizaciones de Mujeres Warmikuna T\u2019karisun, la Municipalidad Distrital de Huanoquite y la Organizaci\u00f3n Distrital de Mujeres de Huanoquite con apoyo de Derechos Humanos sin Fronteras, Asociaci\u00f3n Arariwa, Centro Emergencia Mujer Paruro, Centro para el Desarrollo de los Pueblos Ayllu, CEDEP AYLLU y el Gobierno Regional Cusco; donde se espera la participaci\u00f3n de 500 mujeres de toda la provincia de Paruro, sus distritos y comunidades.<\/p>\n<p>Fuente mujer: Mario Testino.<\/p>","protected":false},"excerpt":{"rendered":"<p>Este 17 y 18 de marzo en el distrito de Huanoquite se realizara el -V CONGRESO PROVINCIAL DE ORGANIZACIONES DE MUJERES DE LA PROVINCIA DE PARURO &#8211; REGION CUSCO, denominado \u201cWarminkuna Hu\u00f1urisqa Paruro Llaqtanchista T\u2019ikarichisun\u201d (mujeres juntas, hagamos florecer nuestro pueblo Paruro), con el objetivo de fortalecer la organizaci\u00f3n provincial de mujeres y sus bases [&hellip;]<\/p>\n","protected":false},"author":1,"featured_media":5579,"comment_status":"closed","ping_status":"open","sticky":false,"template":"","format":"standard","meta":{"_monsterinsights_skip_tracking":false,"_monsterinsights_sitenote_active":false,"_monsterinsights_sitenote_note":"","_monsterinsights_sitenote_category":0,"_jetpack_memberships_contains_paid_content":false,"footnotes":"","jetpack_publicize_message":"","jetpack_publicize_feature_enabled":true,"jetpack_social_post_already_shared":false,"jetpack_social_options":{"image_generator_settings":{"template":"highway","default_image_id":0,"font":"","enabled":false},"version":2}},"categories":[1],"tags":[],"class_list":["post-5578","post","type-post","status-publish","format-standard","has-post-thumbnail","hentry","category-sin-categoria"],"blocksy_meta":[],"jetpack_publicize_connections":[],"jetpack_featured_media_url":"https:\/\/derechosinfronteras.pe\/wp-content\/uploads\/2016\/03\/CONGRESO-PARURO.jpg","jetpack_sharing_enabled":true,"jetpack_likes_enabled":true,"_links":{"self":[{"href":"https:\/\/derechosinfronteras.pe\/ingles\/wp-json\/wp\/v2\/posts\/5578","targetHints":{"allow":["GET"]}}],"collection":[{"href":"https:\/\/derechosinfronteras.pe\/ingles\/wp-json\/wp\/v2\/posts"}],"about":[{"href":"https:\/\/derechosinfronteras.pe\/ingles\/wp-json\/wp\/v2\/types\/post"}],"author":[{"embeddable":true,"href":"https:\/\/derechosinfronteras.pe\/ingles\/wp-json\/wp\/v2\/users\/1"}],"replies":[{"embeddable":true,"href":"https:\/\/derechosinfronteras.pe\/ingles\/wp-json\/wp\/v2\/comments?post=5578"}],"version-history":[{"count":0,"href":"https:\/\/derechosinfronteras.pe\/ingles\/wp-json\/wp\/v2\/posts\/5578\/revisions"}],"wp:featuredmedia":[{"embeddable":true,"href":"https:\/\/derechosinfronteras.pe\/ingles\/wp-json\/wp\/v2\/media\/5579"}],"wp:attachment":[{"href":"https:\/\/derechosinfronteras.pe\/ingles\/wp-json\/wp\/v2\/media?parent=5578"}],"wp:term":[{"taxonomy":"category","embeddable":true,"href":"https:\/\/derechosinfronteras.pe\/ingles\/wp-json\/wp\/v2\/categories?post=5578"},{"taxonomy":"post_tag","embeddable":true,"href":"https:\/\/derechosinfronteras.pe\/ingles\/wp-json\/wp\/v2\/tags?post=5578"}],"curies":[{"name":"wp","href":"https:\/\/api.w.org\/{rel}","templated":true}]}}