{"id":5580,"date":"2016-03-14T12:01:10","date_gmt":"2016-03-14T17:01:10","guid":{"rendered":"http:\/\/derechosinfronteras.pe\/?p=913"},"modified":"2016-03-14T12:01:10","modified_gmt":"2016-03-14T17:01:10","slug":"todos-los-ninos-van-al-colegio","status":"publish","type":"post","link":"https:\/\/derechosinfronteras.pe\/ingles\/todos-los-ninos-van-al-colegio\/","title":{"rendered":"\u00bfTodos los NI\u00d1OS  van al colegio?"},"content":{"rendered":"<p>Al inicio de un nuevo a\u00f1o escolar y frente al fen\u00f3meno el ni\u00f1o, para proteger a las escuelas del Per\u00fa y prevenir desastres en la comunidad educativa, el Ministerio de Educaci\u00f3n est\u00e1 desarrollando varias intervenciones simult\u00e1neas, para poder contar con escuelas seguras y una comunidad educativa preparada frente al desastre.<\/p>\n<p>Sin embargo estas acciones no pueden evitar la desigualdad que a\u00fan existe en las provincias y zonas rurales de la regi\u00f3n cusco, donde no todos los ni\u00f1os y ni\u00f1as van al colegio, donde tienen que trabajar por exigencia del padre, donde, seg\u00fan datos de Unicef, solo el 76,9% de las adolescentes entre 17 y 18 a\u00f1os del \u00e1rea urbana han culminado la secundaria. En el \u00e1rea rural lo han hecho el 42,5%.El 34,9% de las adolescentes, que solo cuenta con nivel primaria, est\u00e1 embarazada. Que los colegios donde por ley deben aceptar la matr\u00edcula de una persona con discapacidad, te dicen que \u201cya no hay vacantes\u201d.<\/p>\n<p>Y estas son cosas que pasan desapercibidas en las acciones del Estado; dicen que avanzamos m\u00e1s en educaci\u00f3n, en la gran inversi\u00f3n; lamentablemente nuestras zonas rurales nos muestran lo contrario.<\/p>\n<p>O es que \u00bfal vivir en una zona rural tienen que condenarlos a la indiferencia de la educaci\u00f3n, a la indiferencia que el Estado les brinde por ley las oportunidades que merecen?, de acuerdo a la Constituci\u00f3n, la educaci\u00f3n inicial, primaria y secundaria es obligatoria. En las instituciones del Estado Peruano es gratuita pero esto en teor\u00eda, mas vayamos a la pr\u00e1ctica.<\/p>\n<p>Cuando uno se acerca a matricular a los hijos se les cobra hasta por el mantenimiento del centro educativo \u2013 acaso esa \u00bfno es funci\u00f3n del estado?<\/p>\n<p>AL SER LOS NI\u00d1OS LA RAZON DE EXISTENCIA DE LOS CENTROS DE ESTUDIOS<\/p>\n<p>Es necesario trabajar con el n\u00facleo familiar, para conocer cu\u00e1l es la realidad del Per\u00fa y todo lo que debe cambiar para poder incluir a todos los peruanos en lo que la verdadera educaci\u00f3n se refiere.<\/p>\n<p>En el siguiente documental realizado el 2014\u00a0 por UNICEF\u00a0 Per\u00fa denominado \u00abLa escuela del silencio\u00bb Una mirada a la desigualdad de g\u00e9nero en la educaci\u00f3n, veremos en gran parte la realidad que el Per\u00fa profundo nos muestra y que aparentemente a la fecha no ha cambiado.<\/p>\n<p><iframe title=\"La escuela del silencio\" width=\"1290\" height=\"726\" src=\"https:\/\/www.youtube.com\/embed\/wBG3jUvTMCs?feature=oembed\" frameborder=\"0\" allow=\"accelerometer; autoplay; clipboard-write; encrypted-media; gyroscope; picture-in-picture; web-share\" allowfullscreen><\/iframe><\/p>\n<p>&nbsp;<\/p>\n<p style=\"text-align: center;\"><em>\u201cLa cultura se adquiere leyendo libros; pero el conocimiento del mundo, que es mucho m\u00e1s necesario, s\u00f3lo se alcanza leyendo a los hombres y estudiando las diversas ediciones que de ellos existen.\u201d Lord Chesterfield.<\/em><\/p>\n<p>&nbsp;<\/p>\n<p style=\"text-align: right;\">Fuente imagen: inversionenlainfancia.net \/Yessica Calder\u00f3n &#8211; DHSF<\/p>","protected":false},"excerpt":{"rendered":"<p>Al inicio de un nuevo a\u00f1o escolar y frente al fen\u00f3meno el ni\u00f1o, para proteger a las escuelas del Per\u00fa y prevenir desastres en la comunidad educativa, el Ministerio de Educaci\u00f3n est\u00e1 desarrollando varias intervenciones simult\u00e1neas, para poder contar con escuelas seguras y una comunidad educativa preparada frente al desastre. Sin embargo estas acciones no [&hellip;]<\/p>\n","protected":false},"author":1,"featured_media":5581,"comment_status":"closed","ping_status":"open","sticky":false,"template":"","format":"standard","meta":{"_monsterinsights_skip_tracking":false,"_monsterinsights_sitenote_active":false,"_monsterinsights_sitenote_note":"","_monsterinsights_sitenote_category":0,"_jetpack_memberships_contains_paid_content":false,"footnotes":"","jetpack_publicize_message":"","jetpack_publicize_feature_enabled":true,"jetpack_social_post_already_shared":false,"jetpack_social_options":{"image_generator_settings":{"template":"highway","default_image_id":0,"font":"","enabled":false},"version":2}},"categories":[1],"tags":[],"class_list":["post-5580","post","type-post","status-publish","format-standard","has-post-thumbnail","hentry","category-sin-categoria"],"blocksy_meta":[],"jetpack_publicize_connections":[],"jetpack_featured_media_url":"https:\/\/derechosinfronteras.pe\/wp-content\/uploads\/2016\/03\/2522_NiosCusco-e1494272641714.jpg","jetpack_sharing_enabled":true,"jetpack_likes_enabled":true,"_links":{"self":[{"href":"https:\/\/derechosinfronteras.pe\/ingles\/wp-json\/wp\/v2\/posts\/5580","targetHints":{"allow":["GET"]}}],"collection":[{"href":"https:\/\/derechosinfronteras.pe\/ingles\/wp-json\/wp\/v2\/posts"}],"about":[{"href":"https:\/\/derechosinfronteras.pe\/ingles\/wp-json\/wp\/v2\/types\/post"}],"author":[{"embeddable":true,"href":"https:\/\/derechosinfronteras.pe\/ingles\/wp-json\/wp\/v2\/users\/1"}],"replies":[{"embeddable":true,"href":"https:\/\/derechosinfronteras.pe\/ingles\/wp-json\/wp\/v2\/comments?post=5580"}],"version-history":[{"count":0,"href":"https:\/\/derechosinfronteras.pe\/ingles\/wp-json\/wp\/v2\/posts\/5580\/revisions"}],"wp:featuredmedia":[{"embeddable":true,"href":"https:\/\/derechosinfronteras.pe\/ingles\/wp-json\/wp\/v2\/media\/5581"}],"wp:attachment":[{"href":"https:\/\/derechosinfronteras.pe\/ingles\/wp-json\/wp\/v2\/media?parent=5580"}],"wp:term":[{"taxonomy":"category","embeddable":true,"href":"https:\/\/derechosinfronteras.pe\/ingles\/wp-json\/wp\/v2\/categories?post=5580"},{"taxonomy":"post_tag","embeddable":true,"href":"https:\/\/derechosinfronteras.pe\/ingles\/wp-json\/wp\/v2\/tags?post=5580"}],"curies":[{"name":"wp","href":"https:\/\/api.w.org\/{rel}","templated":true}]}}