{"id":5582,"date":"2016-03-11T11:31:31","date_gmt":"2016-03-11T16:31:31","guid":{"rendered":"http:\/\/derechosinfronteras.pe\/?p=861"},"modified":"2016-03-11T11:31:31","modified_gmt":"2016-03-11T16:31:31","slug":"cusco-jovenes-le-dicen-no-a-keiko","status":"publish","type":"post","link":"https:\/\/derechosinfronteras.pe\/ingles\/cusco-jovenes-le-dicen-no-a-keiko\/","title":{"rendered":"Cusco: J\u00f3venes le dicen NO a Keiko"},"content":{"rendered":"<p>La candidata presidencial de Fuerza Popular, Keiko Fujimori, no pudo culminar el mitin programado para la noche del 10 de marzo en la ciudad del Cusco, debido al rechazo que encontr\u00f3 de un grupo de opositores a su postulaci\u00f3n a las pr\u00f3ximas elecciones presidenciales.<\/p>\n<p>Hace unas horas, el partido de Keiko Fujimori organiz\u00f3 un mitin en la plaza del distrito de Santiago de Cusco. Cerca de 1300 manifestantes auto convocados de organizaciones sindicales, estudiantes, entre otros, realizaron una marcha por las principales calles de la <strong>Ciudad Imperial<\/strong> y lograron romper el cerco policial hasta acercarse al lugar del mitin, donde la postulante presidencial se dirig\u00eda a sus seguidores.<\/p>\n<p>Los manifestantes boicotearon el mitin fujimorista con sus gritos, verduras y huevos.<\/p>\n<p>Keiko Fujimori no pudo hablar m\u00e1s de diez minutos, la bulla no le permiti\u00f3 seguir. El mitin se disolvi\u00f3 y los manifestantes marcharon hasta el hotel Eco Inn en la avenida El Sol para dejar en claro su rechazo con arengas y carteles.<\/p>\n<p>La represi\u00f3n <a href=\"https:\/\/www.facebook.com\/AQP.News\/videos\/1754178138149667\/\" target=\"_blank\" rel=\"noopener\">policial<\/a> fue evidente desde un inicio &#8211; agentes con rostros tapados y sin identificaci\u00f3n en su uniforme- golpearon a manifestantes y transe\u00fantes en diferentes momentos de la movilizaci\u00f3n. La presencia de ternas tomando fotos a los manifestantes tambi\u00e9n fue evidente.<\/p>","protected":false},"excerpt":{"rendered":"<p>La candidata presidencial de Fuerza Popular, Keiko Fujimori, no pudo culminar el mitin programado para la noche del 10 de marzo en la ciudad del Cusco, debido al rechazo que encontr\u00f3 de un grupo de opositores a su postulaci\u00f3n a las pr\u00f3ximas elecciones presidenciales. Hace unas horas, el partido de Keiko Fujimori organiz\u00f3 un mitin [&hellip;]<\/p>\n","protected":false},"author":1,"featured_media":5583,"comment_status":"closed","ping_status":"open","sticky":false,"template":"","format":"standard","meta":{"_monsterinsights_skip_tracking":false,"_monsterinsights_sitenote_active":false,"_monsterinsights_sitenote_note":"","_monsterinsights_sitenote_category":0,"_jetpack_memberships_contains_paid_content":false,"footnotes":"","jetpack_publicize_message":"","jetpack_publicize_feature_enabled":true,"jetpack_social_post_already_shared":false,"jetpack_social_options":{"image_generator_settings":{"template":"highway","default_image_id":0,"font":"","enabled":false},"version":2}},"categories":[1],"tags":[],"class_list":["post-5582","post","type-post","status-publish","format-standard","has-post-thumbnail","hentry","category-sin-categoria"],"blocksy_meta":[],"jetpack_publicize_connections":[],"jetpack_featured_media_url":"https:\/\/derechosinfronteras.pe\/wp-content\/uploads\/2016\/03\/keiko.jpg","jetpack_sharing_enabled":true,"jetpack_likes_enabled":true,"_links":{"self":[{"href":"https:\/\/derechosinfronteras.pe\/ingles\/wp-json\/wp\/v2\/posts\/5582","targetHints":{"allow":["GET"]}}],"collection":[{"href":"https:\/\/derechosinfronteras.pe\/ingles\/wp-json\/wp\/v2\/posts"}],"about":[{"href":"https:\/\/derechosinfronteras.pe\/ingles\/wp-json\/wp\/v2\/types\/post"}],"author":[{"embeddable":true,"href":"https:\/\/derechosinfronteras.pe\/ingles\/wp-json\/wp\/v2\/users\/1"}],"replies":[{"embeddable":true,"href":"https:\/\/derechosinfronteras.pe\/ingles\/wp-json\/wp\/v2\/comments?post=5582"}],"version-history":[{"count":0,"href":"https:\/\/derechosinfronteras.pe\/ingles\/wp-json\/wp\/v2\/posts\/5582\/revisions"}],"wp:featuredmedia":[{"embeddable":true,"href":"https:\/\/derechosinfronteras.pe\/ingles\/wp-json\/wp\/v2\/media\/5583"}],"wp:attachment":[{"href":"https:\/\/derechosinfronteras.pe\/ingles\/wp-json\/wp\/v2\/media?parent=5582"}],"wp:term":[{"taxonomy":"category","embeddable":true,"href":"https:\/\/derechosinfronteras.pe\/ingles\/wp-json\/wp\/v2\/categories?post=5582"},{"taxonomy":"post_tag","embeddable":true,"href":"https:\/\/derechosinfronteras.pe\/ingles\/wp-json\/wp\/v2\/tags?post=5582"}],"curies":[{"name":"wp","href":"https:\/\/api.w.org\/{rel}","templated":true}]}}