{"id":5589,"date":"2016-03-08T13:16:35","date_gmt":"2016-03-08T18:16:35","guid":{"rendered":"http:\/\/derechosinfronteras.pe\/?p=817"},"modified":"2016-03-08T13:16:35","modified_gmt":"2016-03-08T18:16:35","slug":"marcha-en-apoyo-a-victimas-de-esterilizaciones-forzadas","status":"publish","type":"post","link":"https:\/\/derechosinfronteras.pe\/ingles\/marcha-en-apoyo-a-victimas-de-esterilizaciones-forzadas\/","title":{"rendered":"Marcha en apoyo a v\u00edctimas de esterilizaciones forzadas"},"content":{"rendered":"<p>La Coordinadora Nacional de Derechos Humanos convoco para hoy en el marco del D\u00eda Internacional de Mujer una protesta en solidaridad con las v\u00edctimas de esterilizaciones forzadas, quienes fueron sometidas a esta pr\u00e1ctica en la segunda mitad de la d\u00e9cada de los a\u00f1os 90.<\/p>\n<p>Las mujeres integrantes de distintas organizaciones sociales y de derechos humanos no han encontrado mejor forma de celebrar el D\u00eda Internacional de la Mujer que solidariz\u00e1ndose con las v\u00edctimas de esterilizaciones forzadas, Sandra De La Cruz, del colectivo Canto a la Vida, dio a conocer que la movilizaci\u00f3n partir\u00e1 a las 5 de la tarde del Parque de la Muralla, ubicado en el malec\u00f3n del r\u00edo R\u00edmac. De ah\u00ed se dirigir\u00e1 a la sede del Ministerio P\u00fablico donde exigir\u00e1n que la fiscal Marcelita Guti\u00e9rrez se pronuncie y no prolongue m\u00e1s la investigaci\u00f3n sobre las esterilizaciones que se hicieron en el marco de un programa de planificaci\u00f3n familiar.<\/p>\n<p>\u00abPediremos justicia y memoria. Que no se dilate m\u00e1s las indagaciones, la fiscal ha solicitado 150 d\u00edas m\u00e1s, y nosotros tememos que si se restaura un gobierno fujimorista, se postergar\u00e1 nuevamente el derecho que tienen las v\u00edctimas de acceder a la justicia\u00bb, manifest\u00f3 la representante de Canto a la Vida.<\/p>\n<p>Marcha de las polleras<\/p>\n<p>Sandra de la Cruz invit\u00f3 a todas las mujeres a plegarse a esta marcha hacia el Ministerio P\u00fablico para rechazar las esterilizaciones forzadas y las violaciones de derechos humanos que se produjeron en el gobierno Fujimorista.\u00bbS\u00famense a esta acci\u00f3n, solo tienen que venir con una pollera para marchar y ser parte del Bloque Somos 2074 y Muchas M\u00e1s\u00bb, agreg\u00f3.<\/p>\n<p>La movilizaci\u00f3n concluir\u00e1 en la Plaza San Mart\u00edn con una performance preparada por los alumnos de arte esc\u00e9nico de la universidad Cat\u00f3lica.<\/p>\n<p>Fuente imagen: Escena del video Somos 2074 y muchas m\u00e1s &#8211; AMANDA MEZA RUIZ.<\/p>","protected":false},"excerpt":{"rendered":"<p>La Coordinadora Nacional de Derechos Humanos convoco para hoy en el marco del D\u00eda Internacional de Mujer una protesta en solidaridad con las v\u00edctimas de esterilizaciones forzadas, quienes fueron sometidas a esta pr\u00e1ctica en la segunda mitad de la d\u00e9cada de los a\u00f1os 90. Las mujeres integrantes de distintas organizaciones sociales y de derechos humanos [&hellip;]<\/p>\n","protected":false},"author":1,"featured_media":0,"comment_status":"closed","ping_status":"open","sticky":false,"template":"","format":"standard","meta":{"_monsterinsights_skip_tracking":false,"_monsterinsights_sitenote_active":false,"_monsterinsights_sitenote_note":"","_monsterinsights_sitenote_category":0,"_jetpack_memberships_contains_paid_content":false,"footnotes":"","jetpack_publicize_message":"","jetpack_publicize_feature_enabled":true,"jetpack_social_post_already_shared":false,"jetpack_social_options":{"image_generator_settings":{"template":"highway","default_image_id":0,"font":"","enabled":false},"version":2}},"categories":[1],"tags":[],"class_list":["post-5589","post","type-post","status-publish","format-standard","hentry","category-sin-categoria"],"blocksy_meta":[],"jetpack_publicize_connections":[],"jetpack_featured_media_url":"","jetpack_sharing_enabled":true,"jetpack_likes_enabled":true,"_links":{"self":[{"href":"https:\/\/derechosinfronteras.pe\/ingles\/wp-json\/wp\/v2\/posts\/5589","targetHints":{"allow":["GET"]}}],"collection":[{"href":"https:\/\/derechosinfronteras.pe\/ingles\/wp-json\/wp\/v2\/posts"}],"about":[{"href":"https:\/\/derechosinfronteras.pe\/ingles\/wp-json\/wp\/v2\/types\/post"}],"author":[{"embeddable":true,"href":"https:\/\/derechosinfronteras.pe\/ingles\/wp-json\/wp\/v2\/users\/1"}],"replies":[{"embeddable":true,"href":"https:\/\/derechosinfronteras.pe\/ingles\/wp-json\/wp\/v2\/comments?post=5589"}],"version-history":[{"count":0,"href":"https:\/\/derechosinfronteras.pe\/ingles\/wp-json\/wp\/v2\/posts\/5589\/revisions"}],"wp:attachment":[{"href":"https:\/\/derechosinfronteras.pe\/ingles\/wp-json\/wp\/v2\/media?parent=5589"}],"wp:term":[{"taxonomy":"category","embeddable":true,"href":"https:\/\/derechosinfronteras.pe\/ingles\/wp-json\/wp\/v2\/categories?post=5589"},{"taxonomy":"post_tag","embeddable":true,"href":"https:\/\/derechosinfronteras.pe\/ingles\/wp-json\/wp\/v2\/tags?post=5589"}],"curies":[{"name":"wp","href":"https:\/\/api.w.org\/{rel}","templated":true}]}}