{"id":5592,"date":"2016-03-07T10:44:25","date_gmt":"2016-03-07T15:44:25","guid":{"rendered":"http:\/\/derechosinfronteras.pe\/?p=811"},"modified":"2016-03-07T10:44:25","modified_gmt":"2016-03-07T15:44:25","slug":"indigenas-yana-waras-marchan-a-lima-por-la-renegociacion-de-las-bambas","status":"publish","type":"post","link":"https:\/\/derechosinfronteras.pe\/ingles\/indigenas-yana-waras-marchan-a-lima-por-la-renegociacion-de-las-bambas\/","title":{"rendered":"Ind\u00edgenas Yana Waras, marchan a Lima, por la renegociaci\u00f3n de Las Bambas"},"content":{"rendered":"<p>Una asamblea general de las comunidades ind\u00edgenas de la Naci\u00f3n Yanawara, ( a quienes los medios y portavoces oficiosos de la sociedad nacional de miner\u00eda, llaman \u00abzonas de influencia\u00bb)&#8230; pues esos pueblos. Cansados del abuso y humillaci\u00f3n de la empresa del estado chino, MMG las bambas y, la actitud entreguista de funcionarios del ministerio de energ\u00eda y minas, del estado peruano. Han tomado la de determinaci\u00f3n de marchar a lima, para tratar directamente con el estado chino, LA RENEGOCIACION. Mediante su embajada. Toda vez que los intentos de arreglar la controversia mediante las famosas mesas de dialogo, han fracasado&#8230; porque los funcionarios del MINEM encargados de mediar, no solo se han parcializado, sino han terminado directamente trabajando para la empresa minera<\/p>\n<p>Esta medida de los ind\u00edgenas yana waras, es una respuesta a 12 a\u00f1os de enga\u00f1o, que inicia en el gobierno de Toledo, que entrega &#8211; regala el yacimiento minero de las bambas, a la trans nacional Xstrata. Que pago 270 millones de d\u00f3lares y despu\u00e9s de 10 a\u00f1os lo vende a 5,850 millones de d\u00f3lares al estado chino, para este negocio del siglo tuvieron que manipular el EIA. Y asesinar ind\u00edgenas yana waras. Entonces ya pueden ver Uds. quienes ganan y quienes pierden con la actual miner\u00eda en el Per\u00fa.<\/p>\n<p>Toda nuestra solidaridad con la lucha justa y digna de los hermanos yana waras.<\/p>\n<p>Fuente: <a href=\"http:\/\/www.lamula.pe\" target=\"_blank\" rel=\"noopener\">www.lamula.pe<\/a><\/p>\n<p>Wily Contreras *<\/p>","protected":false},"excerpt":{"rendered":"<p>Una asamblea general de las comunidades ind\u00edgenas de la Naci\u00f3n Yanawara, ( a quienes los medios y portavoces oficiosos de la sociedad nacional de miner\u00eda, llaman \u00abzonas de influencia\u00bb)&#8230; pues esos pueblos. Cansados del abuso y humillaci\u00f3n de la empresa del estado chino, MMG las bambas y, la actitud entreguista de funcionarios del ministerio de [&hellip;]<\/p>\n","protected":false},"author":1,"featured_media":5593,"comment_status":"closed","ping_status":"open","sticky":false,"template":"","format":"standard","meta":{"_monsterinsights_skip_tracking":false,"_monsterinsights_sitenote_active":false,"_monsterinsights_sitenote_note":"","_monsterinsights_sitenote_category":0,"_jetpack_memberships_contains_paid_content":false,"footnotes":"","jetpack_publicize_message":"","jetpack_publicize_feature_enabled":true,"jetpack_social_post_already_shared":false,"jetpack_social_options":{"image_generator_settings":{"template":"highway","default_image_id":0,"font":"","enabled":false},"version":2}},"categories":[1],"tags":[],"class_list":["post-5592","post","type-post","status-publish","format-standard","has-post-thumbnail","hentry","category-sin-categoria"],"blocksy_meta":[],"jetpack_publicize_connections":[],"jetpack_featured_media_url":"https:\/\/derechosinfronteras.pe\/wp-content\/uploads\/2016\/03\/INDIGENAS-YANA-WARAS-MARCHAN-A-LIMA-CONTRA-PROYECTO-LAS-BAMBAS.jpg","jetpack_sharing_enabled":true,"jetpack_likes_enabled":true,"_links":{"self":[{"href":"https:\/\/derechosinfronteras.pe\/ingles\/wp-json\/wp\/v2\/posts\/5592","targetHints":{"allow":["GET"]}}],"collection":[{"href":"https:\/\/derechosinfronteras.pe\/ingles\/wp-json\/wp\/v2\/posts"}],"about":[{"href":"https:\/\/derechosinfronteras.pe\/ingles\/wp-json\/wp\/v2\/types\/post"}],"author":[{"embeddable":true,"href":"https:\/\/derechosinfronteras.pe\/ingles\/wp-json\/wp\/v2\/users\/1"}],"replies":[{"embeddable":true,"href":"https:\/\/derechosinfronteras.pe\/ingles\/wp-json\/wp\/v2\/comments?post=5592"}],"version-history":[{"count":0,"href":"https:\/\/derechosinfronteras.pe\/ingles\/wp-json\/wp\/v2\/posts\/5592\/revisions"}],"wp:featuredmedia":[{"embeddable":true,"href":"https:\/\/derechosinfronteras.pe\/ingles\/wp-json\/wp\/v2\/media\/5593"}],"wp:attachment":[{"href":"https:\/\/derechosinfronteras.pe\/ingles\/wp-json\/wp\/v2\/media?parent=5592"}],"wp:term":[{"taxonomy":"category","embeddable":true,"href":"https:\/\/derechosinfronteras.pe\/ingles\/wp-json\/wp\/v2\/categories?post=5592"},{"taxonomy":"post_tag","embeddable":true,"href":"https:\/\/derechosinfronteras.pe\/ingles\/wp-json\/wp\/v2\/tags?post=5592"}],"curies":[{"name":"wp","href":"https:\/\/api.w.org\/{rel}","templated":true}]}}