{"id":5597,"date":"2016-03-03T15:29:38","date_gmt":"2016-03-03T20:29:38","guid":{"rendered":"http:\/\/derechosinfronteras.pe\/?p=792"},"modified":"2023-12-28T20:58:17","modified_gmt":"2023-12-29T01:58:17","slug":"a-un-ano-de-la-protesta-en-islay-television-espanola-muestra-el-conflicto-minero-de-peru-en-el-documental-la-batalla-del-cobre","status":"publish","type":"post","link":"https:\/\/derechosinfronteras.pe\/ingles\/a-un-ano-de-la-protesta-en-islay-television-espanola-muestra-el-conflicto-minero-de-peru-en-el-documental-la-batalla-del-cobre\/","title":{"rendered":"A un a\u00f1o de la protesta en ISLAY &#8211; Televisi\u00f3n espa\u00f1ola muestra el conflicto minero de Per\u00fa en el documental &#8216;La batalla del cobre&#8217;"},"content":{"rendered":"<p>A un a\u00f1o del \u00faltimo episodio de violencia y caos que vivieron los agricultores del Valle de Tambo, en Arequipa, por el proyecto minero T\u00eda Mar\u00eda de la minera Southern Copper, la Corporaci\u00f3n de Radio y Televisi\u00f3n Espa\u00f1ola (RTVE) emiti\u00f3 el documental \u201cLa batalla del cobre\u201d, el mismo que se estren\u00f3 el 11 de febrero de este a\u00f1o.<\/p>\n<p>El programa &#8216;En Portada&#8217; viaj\u00f3 hasta Arequipa para conocer de primera mano el conflicto minero que sufre esta regi\u00f3n a ra\u00edz de la adjudicaci\u00f3n de dos minas de extracci\u00f3n de cobre, a la empresa mexicana Southern Cooper. Los documentalistas espa\u00f1oles, reconocen tambi\u00e9n que miner\u00eda es uno de los principales sectores de la econom\u00eda peruana, pero tambi\u00e9n el origen de un tercio de los problemas sociales.<\/p>\n<p>\u201cEn Portada toma el pulso de este conflicto a trav\u00e9s de sus principales actores y ha confrontado a unos con otros, a trav\u00e9s de hechos y testimonios, en una batalla que se sigue librando y cuyas heridas siguen abiertas\u201d, remarca el equipo de RTVE.<\/p>\n<p>El documental presenta al Valle del Tambo como la despensa de Arequipa y sus 15 mil hect\u00e1reas de cultivo y como sirve de sustento alimenticio a 50 mil habitantes y a todo el sur peruano.<\/p>\n<p>\u201cLa proximidad al valle, eminentemente agr\u00edcola, preocupa a sus habitantes, que han mostrado una fuerte oposici\u00f3n al proyecto. Las protestas se han saldado con al menos siete muertos, decenas de heridos y m\u00e1s de un centenar de detenciones\u201d, indica el registro.<\/p>\n<p>En la primera parte, el equipo de RTVE llega hasta la zona del proyecto T\u00eda Mar\u00eda con un representante de Southern, ah\u00ed la empresa les muestra la zona del tajo abierto a una altura de 750 metros sobre el nivel del mar y a 7 km. de distancia del valle, seg\u00fan el funcionario de Servicios ambientales, Dar\u00edo Oviedo.<\/p>\n<p>En otro \u00e1ngulo del documental, la reportera recoge la opini\u00f3n de Otto Hito, un ingeniero ambientalista independiente quien los conduce hacia el yacimiento \u201cLa Tapada\u201d que est\u00e1 m\u00e1s pr\u00f3ximo a la poblaci\u00f3n y a los cultivos del valle. En el lugar, el t\u00e9cnico refiere que entre este yacimiento y el valle, apenas existen 1,200 metros de distancia.<\/p>\n<p>\u201c(El peligro) es la cercan\u00eda, el material particulado, los gases que va a producir La Tapada y como estos llegar\u00e1n hasta los cultivos y a la poblaci\u00f3n\u201d, indic\u00f3 Hito.<\/p>\n<p>Mientras que se muestran im\u00e1genes de como empieza un d\u00eda laboral en el distrito Cocachacra, se recoge el testimonio de la campesina, Mercedes Hinojosa quien en tiempo de cosecha le brinda trabajo a unos 40 agricultores.<\/p>\n<p>\u201cNosotros vivimos con el agro, de lo que cosechamos. (\u2026) si la T\u00eda Mar\u00eda entra, \u00bfQu\u00e9 vamos a comer la gente? \u00bfDe qu\u00e9 vamos a vivir?\u201d, cuestion\u00f3 Hinojosa.<\/p>\n<p>En documental se menciona que en el valle del Tambo, 4 de 5 personas viven de la agricultura, algunos due\u00f1os de la tierra la trabajan, otros la arriendan para usufructo, moviendo unos 400 millones de soles por a\u00f1o.<\/p>\n<p>En otro momento, declara Jes\u00fas Cornejo, presidente de la junta de usuarios del Valle del Tambo que agrupa a m\u00e1s de la mitad de agricultores del lugar.<\/p>\n<p>\u201cQuien debe asumir los compromisos y las necesidades del pueblo es el gobierno, no la empresa Southern (\u2026) ustedes han visto al decisi\u00f3n del pueblo en defender el valle, no les importa morir\u201d, asevera Cornejo a la reportera espa\u00f1ola.<\/p>\n<p>Tras exponer testimonios de todas las partes, RTVE rememora los hechos de la huelga indefinida en la provincia de Islay y los deudos de aquellos que murieron durante la protesta.<\/p>\n<p>Por su parte, la gobernadora regional de Arequipa Yamila Osorio refiere que hubo excesos por parte de la polic\u00eda y de los civiles. Asimismo, la gobernadora opina que la ausencia del Estado es la que viene originando la conflictividad social en el pa\u00eds y la poblaci\u00f3n que vive de actividades tradicionales \u2013como la agricultura- no ha sido bien atentida.<\/p>\n<p>Tambi\u00e9n se recoge opini\u00f3n de la periodista arequipe\u00f1a, Mabel C\u00e1ceres de El B\u00faho, quien se\u00f1ala a falta de di\u00e1logo y una cultura de negociaci\u00f3n se suscita hechos de violencia y es ah\u00ed cuando el gobierno se da por enterado desde Lima.<\/p>\n<p>De igual modo, el defensor del Pueblo en Arequipa, Manuel Amat, tambi\u00e9n hizo hincapi\u00e9 en la falta de di\u00e1logo desde el gobierno y la misma empresa con la poblaci\u00f3n.<\/p>\n<p>En medio de la remembranza del conflicto, se recoge la voz de Daniel Toranzo, el reportero que grabo el preciso instante en que la polic\u00eda intent\u00f3 crear una prueba falsa contra un poblador.<\/p>\n<p>Otro hecho mencionado por RTVE es la relaci\u00f3n que manten\u00eda el dirigente Pepe Julio Guti\u00e9rrez y Jes\u00fas G\u00f3mez Urquizo, abogado de Southern, y su negociaci\u00f3n oculta en la que se transaban m\u00e1s de un mill\u00f3n de d\u00f3lares a cambio de detener el paro en Islay, la misma que acab\u00f3 con la propagaci\u00f3n de sus conversaciones tel\u00e9fonicas.<\/p>\n<p>Durante el recorrido audiovisual, los realizadores tambi\u00e9n muestran videos corporativos de la empresa minera y sus ofrecimientos en torno al proyecto.<\/p>\n<p>Como se recuerda tras los hechos de violencia suscitados en mayo de 2015, Southern mantiene paralizadas sus acciones en la zona mientras establece un Plan de Socializaci\u00f3n que intenta convencer a los arequipe\u00f1os sobre los beneficios de la miner\u00eda.<\/p>\n<p>La producci\u00f3n espa\u00f1ola muestra el caso de &#8216;T\u00eda Mar\u00eda&#8217; como un ejemplo de los numerosos conflictos sociales que genera la miner\u00eda en Per\u00fa, que tiene la quinta parte de su territorio adjudicada a empresas mineras.<\/p>\n<p>&#8216;La batalla del cobre\u00bb es un reportaje con gui\u00f3n de Yolanda \u00c1lvarez; realizaci\u00f3n de Susana Jim\u00e9nez Pons; imagen de Jos\u00e9 Manuel Frean; sonido de Alfredo S\u00e1nchez-Toledo; montaje de Javier Mula; y producci\u00f3n de Ana Pastor y Lourdes Calvo.<\/p>\n<p>Fuente: Red Muqui.<\/p>\n<p>Para\u00a0 ver el documental visite el siguiente link.<\/p>\n<p><iframe title=\"Miner\u00eda en Per\u00fa: La batalla del cobre (En portada 11-02-2016)\" width=\"1290\" height=\"726\" src=\"https:\/\/www.youtube.com\/embed\/c7YpKa9NHJk?feature=oembed\" frameborder=\"0\" allow=\"accelerometer; autoplay; clipboard-write; encrypted-media; gyroscope; picture-in-picture; web-share\" allowfullscreen><\/iframe><\/p>\n<p><iframe title=\"Miner\u00eda en Per\u00fa: La batalla del cobre (En portada 11-02-2016)\" width=\"1290\" height=\"726\" src=\"https:\/\/www.youtube.com\/embed\/c7YpKa9NHJk?feature=oembed\" frameborder=\"0\" allow=\"accelerometer; autoplay; clipboard-write; encrypted-media; gyroscope; picture-in-picture; web-share\" allowfullscreen><\/iframe><\/p>\n<p>&nbsp;<\/p>","protected":false},"excerpt":{"rendered":"<p>A un a\u00f1o del \u00faltimo episodio de violencia y caos que vivieron los agricultores del Valle de Tambo, en Arequipa, por el proyecto minero T\u00eda Mar\u00eda de la minera Southern Copper, la Corporaci\u00f3n de Radio y Televisi\u00f3n Espa\u00f1ola (RTVE) emiti\u00f3 el documental \u201cLa batalla del cobre\u201d, el mismo que se estren\u00f3 el 11 de febrero [&hellip;]<\/p>\n","protected":false},"author":1,"featured_media":0,"comment_status":"closed","ping_status":"open","sticky":false,"template":"","format":"standard","meta":{"_monsterinsights_skip_tracking":false,"_monsterinsights_sitenote_active":false,"_monsterinsights_sitenote_note":"","_monsterinsights_sitenote_category":0,"_jetpack_memberships_contains_paid_content":false,"footnotes":"","jetpack_publicize_message":"","jetpack_publicize_feature_enabled":true,"jetpack_social_post_already_shared":false,"jetpack_social_options":{"image_generator_settings":{"template":"highway","default_image_id":0,"font":"","enabled":false},"version":2}},"categories":[1],"tags":[],"class_list":["post-5597","post","type-post","status-publish","format-standard","hentry","category-sin-categoria"],"blocksy_meta":[],"jetpack_publicize_connections":[],"jetpack_featured_media_url":"","jetpack_sharing_enabled":true,"jetpack_likes_enabled":true,"_links":{"self":[{"href":"https:\/\/derechosinfronteras.pe\/ingles\/wp-json\/wp\/v2\/posts\/5597","targetHints":{"allow":["GET"]}}],"collection":[{"href":"https:\/\/derechosinfronteras.pe\/ingles\/wp-json\/wp\/v2\/posts"}],"about":[{"href":"https:\/\/derechosinfronteras.pe\/ingles\/wp-json\/wp\/v2\/types\/post"}],"author":[{"embeddable":true,"href":"https:\/\/derechosinfronteras.pe\/ingles\/wp-json\/wp\/v2\/users\/1"}],"replies":[{"embeddable":true,"href":"https:\/\/derechosinfronteras.pe\/ingles\/wp-json\/wp\/v2\/comments?post=5597"}],"version-history":[{"count":1,"href":"https:\/\/derechosinfronteras.pe\/ingles\/wp-json\/wp\/v2\/posts\/5597\/revisions"}],"predecessor-version":[{"id":7166,"href":"https:\/\/derechosinfronteras.pe\/ingles\/wp-json\/wp\/v2\/posts\/5597\/revisions\/7166"}],"wp:attachment":[{"href":"https:\/\/derechosinfronteras.pe\/ingles\/wp-json\/wp\/v2\/media?parent=5597"}],"wp:term":[{"taxonomy":"category","embeddable":true,"href":"https:\/\/derechosinfronteras.pe\/ingles\/wp-json\/wp\/v2\/categories?post=5597"},{"taxonomy":"post_tag","embeddable":true,"href":"https:\/\/derechosinfronteras.pe\/ingles\/wp-json\/wp\/v2\/tags?post=5597"}],"curies":[{"name":"wp","href":"https:\/\/api.w.org\/{rel}","templated":true}]}}