{"id":5598,"date":"2016-03-03T13:10:58","date_gmt":"2016-03-03T18:10:58","guid":{"rendered":"http:\/\/derechosinfronteras.pe\/?p=789"},"modified":"2016-03-03T13:10:58","modified_gmt":"2016-03-03T18:10:58","slug":"la-coalicion-nacional-de-redes-y-organizaciones-ambientales-de-honduras-conroa-se-pronuncia-ante-el-asesinato-de-la-companera-dirigente-indigena-y-defensora-de-derechos-humanos-bertha-caceres","status":"publish","type":"post","link":"https:\/\/derechosinfronteras.pe\/ingles\/la-coalicion-nacional-de-redes-y-organizaciones-ambientales-de-honduras-conroa-se-pronuncia-ante-el-asesinato-de-la-companera-dirigente-indigena-y-defensora-de-derechos-humanos-bertha-caceres\/","title":{"rendered":"La Coalici\u00f3n Nacional de Redes y Organizaciones Ambientales de Honduras (CONROA) se pronuncia ante el asesinato de la compa\u00f1era dirigente Ind\u00edgena y defensora de Derechos Humanos Bertha C\u00e1ceres."},"content":{"rendered":"<p>Bertha C\u00e1ceres como dirigente del COPINH form\u00f3 parte de nuestra articulaci\u00f3n social y particip\u00f3 conjuntamente con m\u00e1s de una treintena de redes y organizaciones sociales en la defensa del territorio nacional en contra de las concesiones hidroel\u00e9ctricas y mineras que los distintos gobiernos han realizado a favor de corporaciones internacionales y de grupos econ\u00f3micos, pol\u00edticos y militares de este pa\u00eds.<\/p>\n<p>Nuestra organizaci\u00f3n coordinadora, el Centro Hondure\u00f1o de Promoci\u00f3n para el Desarrollo Comunitario (CEHPRODEC) coordin\u00f3 con el COPINH, bajo la dirigencia de Bertha C\u00e1ceres, m\u00faltiples actividades de resistencia y rechazo de las compa\u00f1\u00edas hidroel\u00e9ctricas que se han ido apropiando de los r\u00edos y dem\u00e1s bienes naturales de los departamentos de Intibuc\u00e1 y La Paz.<\/p>\n<p>El cobarde asesinato de Bertha C\u00e1ceres, ocurrido en la madrugada de este 3 de marzo, en primer lugar puede considerarse una escalada represiva de la \u00e9lite empresarial de este pa\u00eds, en franca colusi\u00f3n con el presidente Juan Orlando Hern\u00e1ndez y sus distintos cuerpos represivos, orientado a llevar adelante su reci\u00e9n lanzado programa econ\u00f3mico 20\/20 que pretende impulsar la generaci\u00f3n el\u00e9ctrica mediante la operaci\u00f3n de las concesiones hidroel\u00e9ctricas.<\/p>\n<p>Sin lugar a dudas el asesinato de Bertha C\u00e1ceres parece querer amedrentar a todas las organizaciones defensoras de los r\u00edos, los bienes Naturales, la tierra y los territorios. Nos env\u00eda el mensaje de desmovilizaci\u00f3n para dar lugar a los negocios que Juan Orlando Hern\u00e1ndez, Gladys Aurora L\u00f3pez y dem\u00e1s miembros del Partido Nacional hacen con la geograf\u00eda hondure\u00f1a.<\/p>\n<p><strong>Ante estos hechos, anunciamos:<\/strong><\/p>\n<ol>\n<li>Que la CONROA se mantiene en alerta permanente hasta que se esclarezcan los hechos, se encuentre a los autores materiales e intelectuales del asesinato de Bertha C\u00e1ceres y se aplique los castigos que corresponde.<\/li>\n<li>La CONROA condena al gobierno de Juan Orlando Hern\u00e1ndez, sus polic\u00edas, las fuerzas armadas, al partido nacional, a la \u00e9lite empresarial de este pa\u00eds y a las transnacionales de las hidroel\u00e9ctricas como culpables del asesinato de Bertha C\u00e1ceres, hasta en tanto no se esclarezca de otra forma los hechos y las causas de esta barbarie.<\/li>\n<li>Una pr\u00f3xima movilizaci\u00f3n social en Tegucigalpa y el resto de las ciudades importantes en este pa\u00eds en respuesta a esta escalada de exterminio que parece haber reiniciado el r\u00e9gimen de Juan Orlando Hern\u00e1ndez.<\/li>\n<\/ol>\n<p>&nbsp;<\/p>\n<p style=\"text-align: center;\"><strong>Tegucigalpa 3 de marzo de 2016<\/strong><\/p>\n<p style=\"text-align: center;\"><strong>Coalici\u00f3n Nacional de Redes y Organizaciones Ambientales<\/strong><\/p>\n<p style=\"text-align: center;\"><strong>CONROA<\/strong><\/p>\n<p style=\"text-align: center;\">Fuente imagen: panorama.com.ve<\/p>","protected":false},"excerpt":{"rendered":"<p>Bertha C\u00e1ceres como dirigente del COPINH form\u00f3 parte de nuestra articulaci\u00f3n social y particip\u00f3 conjuntamente con m\u00e1s de una treintena de redes y organizaciones sociales en la defensa del territorio nacional en contra de las concesiones hidroel\u00e9ctricas y mineras que los distintos gobiernos han realizado a favor de corporaciones internacionales y de grupos econ\u00f3micos, pol\u00edticos [&hellip;]<\/p>\n","protected":false},"author":1,"featured_media":5599,"comment_status":"closed","ping_status":"open","sticky":false,"template":"","format":"standard","meta":{"_monsterinsights_skip_tracking":false,"_monsterinsights_sitenote_active":false,"_monsterinsights_sitenote_note":"","_monsterinsights_sitenote_category":0,"_jetpack_memberships_contains_paid_content":false,"footnotes":"","jetpack_publicize_message":"","jetpack_publicize_feature_enabled":true,"jetpack_social_post_already_shared":false,"jetpack_social_options":{"image_generator_settings":{"template":"highway","default_image_id":0,"font":"","enabled":false},"version":2}},"categories":[1],"tags":[],"class_list":["post-5598","post","type-post","status-publish","format-standard","has-post-thumbnail","hentry","category-sin-categoria"],"blocksy_meta":[],"jetpack_publicize_connections":[],"jetpack_featured_media_url":"https:\/\/derechosinfronteras.pe\/wp-content\/uploads\/2016\/03\/bertacaceres.jpg","jetpack_sharing_enabled":true,"jetpack_likes_enabled":true,"_links":{"self":[{"href":"https:\/\/derechosinfronteras.pe\/ingles\/wp-json\/wp\/v2\/posts\/5598","targetHints":{"allow":["GET"]}}],"collection":[{"href":"https:\/\/derechosinfronteras.pe\/ingles\/wp-json\/wp\/v2\/posts"}],"about":[{"href":"https:\/\/derechosinfronteras.pe\/ingles\/wp-json\/wp\/v2\/types\/post"}],"author":[{"embeddable":true,"href":"https:\/\/derechosinfronteras.pe\/ingles\/wp-json\/wp\/v2\/users\/1"}],"replies":[{"embeddable":true,"href":"https:\/\/derechosinfronteras.pe\/ingles\/wp-json\/wp\/v2\/comments?post=5598"}],"version-history":[{"count":0,"href":"https:\/\/derechosinfronteras.pe\/ingles\/wp-json\/wp\/v2\/posts\/5598\/revisions"}],"wp:featuredmedia":[{"embeddable":true,"href":"https:\/\/derechosinfronteras.pe\/ingles\/wp-json\/wp\/v2\/media\/5599"}],"wp:attachment":[{"href":"https:\/\/derechosinfronteras.pe\/ingles\/wp-json\/wp\/v2\/media?parent=5598"}],"wp:term":[{"taxonomy":"category","embeddable":true,"href":"https:\/\/derechosinfronteras.pe\/ingles\/wp-json\/wp\/v2\/categories?post=5598"},{"taxonomy":"post_tag","embeddable":true,"href":"https:\/\/derechosinfronteras.pe\/ingles\/wp-json\/wp\/v2\/tags?post=5598"}],"curies":[{"name":"wp","href":"https:\/\/api.w.org\/{rel}","templated":true}]}}