{"id":5600,"date":"2016-03-02T15:25:39","date_gmt":"2016-03-02T20:25:39","guid":{"rendered":"http:\/\/derechosinfronteras.pe\/?p=779"},"modified":"2016-03-02T15:25:39","modified_gmt":"2016-03-02T20:25:39","slug":"reniec-desde-hoy-brinda-sus-servicios-en-4-lenguas-originarias","status":"publish","type":"post","link":"https:\/\/derechosinfronteras.pe\/ingles\/reniec-desde-hoy-brinda-sus-servicios-en-4-lenguas-originarias\/","title":{"rendered":"Reniec desde hoy brinda sus servicios en 4 lenguas originarias"},"content":{"rendered":"<p>Hoy el Registro Nacional de Identificacion y Estado Civil \u2013 RENIEC inici\u00f3 con la atenci\u00f3n y tramite del p\u00fablico en general haciendo uso de 4 lenguas originarias (Awaj\u00fan, Jaqaru, Aimara y Wampis) en seis Oficinas Registrales en la capital, en los distritos comprendidos de Cercado de Lima, Independencia, San Juan de Lurigancho, San Juan de Miraflores, Callao o Ventanilla y en cinco Oficinas Registrales Auxiliares que funcionan en los Hospitales de San Juan de Lurigancho, Mar\u00eda Auxiliadora, Sabogal, Carri\u00f3n o el Instituto Materno perinatal (ex maternidad de Lima).<\/p>\n<p>Asimismo se cont\u00f3 con el apoyo que la Direcci\u00f3n de Lenguas Ind\u00edgenas del Ministerio de Cultura liderado hoy por Agustin Panizo, instituci\u00f3n que brindo apoyo en la validaci\u00f3n de las actas de nacimiento, matrimonio y defunci\u00f3n biling\u00fce y en la formaci\u00f3n de los int\u00e9rpretes que participaron en este proyecto.<\/p>\n<p>Sin duda este es el inicio de un camino largo que busca promover e implementar el uso de las lenguas originarias en el sistema e instituciones p\u00fablicas que hoy en d\u00eda gobierna el Per\u00fa.<\/p>\n<p>Fuente imagen: RENIECPERU.<\/p>","protected":false},"excerpt":{"rendered":"<p>Hoy el Registro Nacional de Identificacion y Estado Civil \u2013 RENIEC inici\u00f3 con la atenci\u00f3n y tramite del p\u00fablico en general haciendo uso de 4 lenguas originarias (Awaj\u00fan, Jaqaru, Aimara y Wampis) en seis Oficinas Registrales en la capital, en los distritos comprendidos de Cercado de Lima, Independencia, San Juan de Lurigancho, San Juan de [&hellip;]<\/p>\n","protected":false},"author":1,"featured_media":5601,"comment_status":"closed","ping_status":"open","sticky":false,"template":"","format":"standard","meta":{"_monsterinsights_skip_tracking":false,"_monsterinsights_sitenote_active":false,"_monsterinsights_sitenote_note":"","_monsterinsights_sitenote_category":0,"_jetpack_memberships_contains_paid_content":false,"footnotes":"","jetpack_publicize_message":"","jetpack_publicize_feature_enabled":true,"jetpack_social_post_already_shared":false,"jetpack_social_options":{"image_generator_settings":{"template":"highway","default_image_id":0,"font":"","enabled":false},"version":2}},"categories":[1],"tags":[],"class_list":["post-5600","post","type-post","status-publish","format-standard","has-post-thumbnail","hentry","category-sin-categoria"],"blocksy_meta":[],"jetpack_publicize_connections":[],"jetpack_featured_media_url":"https:\/\/derechosinfronteras.pe\/wp-content\/uploads\/2016\/03\/RENIECPERU-e1494267793975.jpg","jetpack_sharing_enabled":true,"jetpack_likes_enabled":true,"_links":{"self":[{"href":"https:\/\/derechosinfronteras.pe\/ingles\/wp-json\/wp\/v2\/posts\/5600","targetHints":{"allow":["GET"]}}],"collection":[{"href":"https:\/\/derechosinfronteras.pe\/ingles\/wp-json\/wp\/v2\/posts"}],"about":[{"href":"https:\/\/derechosinfronteras.pe\/ingles\/wp-json\/wp\/v2\/types\/post"}],"author":[{"embeddable":true,"href":"https:\/\/derechosinfronteras.pe\/ingles\/wp-json\/wp\/v2\/users\/1"}],"replies":[{"embeddable":true,"href":"https:\/\/derechosinfronteras.pe\/ingles\/wp-json\/wp\/v2\/comments?post=5600"}],"version-history":[{"count":0,"href":"https:\/\/derechosinfronteras.pe\/ingles\/wp-json\/wp\/v2\/posts\/5600\/revisions"}],"wp:featuredmedia":[{"embeddable":true,"href":"https:\/\/derechosinfronteras.pe\/ingles\/wp-json\/wp\/v2\/media\/5601"}],"wp:attachment":[{"href":"https:\/\/derechosinfronteras.pe\/ingles\/wp-json\/wp\/v2\/media?parent=5600"}],"wp:term":[{"taxonomy":"category","embeddable":true,"href":"https:\/\/derechosinfronteras.pe\/ingles\/wp-json\/wp\/v2\/categories?post=5600"},{"taxonomy":"post_tag","embeddable":true,"href":"https:\/\/derechosinfronteras.pe\/ingles\/wp-json\/wp\/v2\/tags?post=5600"}],"curies":[{"name":"wp","href":"https:\/\/api.w.org\/{rel}","templated":true}]}}