{"id":5602,"date":"2016-03-02T11:56:11","date_gmt":"2016-03-02T16:56:11","guid":{"rendered":"http:\/\/derechosinfronteras.pe\/?p=773"},"modified":"2016-03-02T11:56:11","modified_gmt":"2016-03-02T16:56:11","slug":"instalan-mesa-de-trabajo-por-proyecto-las-bambas","status":"publish","type":"post","link":"https:\/\/derechosinfronteras.pe\/ingles\/instalan-mesa-de-trabajo-por-proyecto-las-bambas\/","title":{"rendered":"Instalan mesa de trabajo por proyecto Las Bambas"},"content":{"rendered":"<p>Representantes del Poder Ejecutivo instalaron una mesa de trabajo en la provincia de Cotabambas, regi\u00f3n de Apur\u00edmac, a fin de garantizar la participaci\u00f3n de la ciudadan\u00eda y la paz social en torno al proyecto minero Las Bambas.<\/p>\n<p>El rechazo a este proyecto por un sector de la poblaci\u00f3n provoc\u00f3 en setiembre del a\u00f1o pasado la muerte de tres personas durante las protestas. Quienes se oponen sostienen que el proyecto minero ser\u00e1 perjudicial para la integridad de su salud y de sus tierras.<\/p>\n<p>A trav\u00e9s de un comunicado, el Ministerio de Energ\u00eda y Minas inform\u00f3 que el principal objetivo de este espacio es fijar prioridades para el desarrollo de la provincia en los pr\u00f3ximos a\u00f1os.<\/p>\n<p>El encuentro estuvo presidido por el viceministro de Minas, Guillermo Shinno, y cont\u00f3 con la presencia del jefe de la Oficina Nacional de Di\u00e1logo y Sostenibilidad de la Presidencia del Consejo de Ministros, Jos\u00e9 \u00c1vila, as\u00ed como de 35 representantes del Gobierno Regional de Apur\u00edmac, de las municipalidades de Cotabambas y representantes de la sociedad civil.<\/p>\n<p>Tambi\u00e9n estuvieron presentes representantes de la empresa australiana-china MMG, a cargo del proyecto Las Bambas.<\/p>\n<p>Tras la instalaci\u00f3n de la mesa de trabajo se anunci\u00f3 el cronograma de los grupos que dialogar\u00e1n sobre cuatro temas: medio ambiente y modificatoria del Estudio de Impacto Ambiental ( 21 de marzo), derechos humanos (22 de marzo), desarrollo sostenible de la provincia de Cotabambas (29 de marzo), y responsabilidad social empresarial en las \u00e1reas de influencia del proyecto (30 de marzo).<\/p>\n<p>Con una inversi\u00f3n de US$10.000 millones, Las Bambas ha sido considerado como el mayor proyecto minero del pa\u00eds. En enero realizaron su primer env\u00edo de cobre a China.<\/p>\n<p>Fuente: El Comercio.<\/p>\n<p><strong>\u00a0<\/strong><\/p>","protected":false},"excerpt":{"rendered":"<p>Representantes del Poder Ejecutivo instalaron una mesa de trabajo en la provincia de Cotabambas, regi\u00f3n de Apur\u00edmac, a fin de garantizar la participaci\u00f3n de la ciudadan\u00eda y la paz social en torno al proyecto minero Las Bambas. El rechazo a este proyecto por un sector de la poblaci\u00f3n provoc\u00f3 en setiembre del a\u00f1o pasado la [&hellip;]<\/p>\n","protected":false},"author":1,"featured_media":5549,"comment_status":"closed","ping_status":"open","sticky":false,"template":"","format":"standard","meta":{"_monsterinsights_skip_tracking":false,"_monsterinsights_sitenote_active":false,"_monsterinsights_sitenote_note":"","_monsterinsights_sitenote_category":0,"_jetpack_memberships_contains_paid_content":false,"footnotes":"","jetpack_publicize_message":"","jetpack_publicize_feature_enabled":true,"jetpack_social_post_already_shared":false,"jetpack_social_options":{"image_generator_settings":{"template":"highway","default_image_id":0,"font":"","enabled":false},"version":2}},"categories":[1],"tags":[],"class_list":["post-5602","post","type-post","status-publish","format-standard","has-post-thumbnail","hentry","category-sin-categoria"],"blocksy_meta":[],"jetpack_publicize_connections":[],"jetpack_featured_media_url":"https:\/\/derechosinfronteras.pe\/wp-content\/uploads\/2016\/03\/dialogo-enlas-bambas-1.jpg","jetpack_sharing_enabled":true,"jetpack_likes_enabled":true,"_links":{"self":[{"href":"https:\/\/derechosinfronteras.pe\/ingles\/wp-json\/wp\/v2\/posts\/5602","targetHints":{"allow":["GET"]}}],"collection":[{"href":"https:\/\/derechosinfronteras.pe\/ingles\/wp-json\/wp\/v2\/posts"}],"about":[{"href":"https:\/\/derechosinfronteras.pe\/ingles\/wp-json\/wp\/v2\/types\/post"}],"author":[{"embeddable":true,"href":"https:\/\/derechosinfronteras.pe\/ingles\/wp-json\/wp\/v2\/users\/1"}],"replies":[{"embeddable":true,"href":"https:\/\/derechosinfronteras.pe\/ingles\/wp-json\/wp\/v2\/comments?post=5602"}],"version-history":[{"count":0,"href":"https:\/\/derechosinfronteras.pe\/ingles\/wp-json\/wp\/v2\/posts\/5602\/revisions"}],"wp:featuredmedia":[{"embeddable":true,"href":"https:\/\/derechosinfronteras.pe\/ingles\/wp-json\/wp\/v2\/media\/5549"}],"wp:attachment":[{"href":"https:\/\/derechosinfronteras.pe\/ingles\/wp-json\/wp\/v2\/media?parent=5602"}],"wp:term":[{"taxonomy":"category","embeddable":true,"href":"https:\/\/derechosinfronteras.pe\/ingles\/wp-json\/wp\/v2\/categories?post=5602"},{"taxonomy":"post_tag","embeddable":true,"href":"https:\/\/derechosinfronteras.pe\/ingles\/wp-json\/wp\/v2\/tags?post=5602"}],"curies":[{"name":"wp","href":"https:\/\/api.w.org\/{rel}","templated":true}]}}