{"id":5603,"date":"2016-03-02T11:03:11","date_gmt":"2016-03-02T16:03:11","guid":{"rendered":"http:\/\/derechosinfronteras.pe\/?p=770"},"modified":"2016-03-02T11:03:11","modified_gmt":"2016-03-02T16:03:11","slug":"tia-maria-no-va-protesta-pacifica-tendra-lugar-hoy-en-el-valle-de-tambo","status":"publish","type":"post","link":"https:\/\/derechosinfronteras.pe\/ingles\/tia-maria-no-va-protesta-pacifica-tendra-lugar-hoy-en-el-valle-de-tambo\/","title":{"rendered":"\u201cT\u00eda Mar\u00eda NO VA\u201d- Protesta pac\u00edfica tendr\u00e1 lugar hoy en el Valle de Tambo"},"content":{"rendered":"<p>La poblaci\u00f3n del distrito de Dean Valdivia, provincia de Islay (Arequipa), protestar\u00e1 hoy martes 2 de marzo de 2016, en contra de la implementaci\u00f3n del proyecto minero T\u00eda Mar\u00eda de la Minera Southern Copper, del Grupo M\u00e9xico.<\/p>\n<p>La protesta, que ser\u00eda la tercera de este a\u00f1o en el Valle de Tambo, ha sido autoconvocada por los habitantes del pueblo, sin dirigentes ni organizaciones pol\u00edticas de por medio. Su objetivo es visibilizar el descontento y la oposici\u00f3n de la poblaci\u00f3n al proyecto minero. Ellos consideran que la Southern se est\u00e1 sirviendo de campa\u00f1as publicitarias y de la cobertura de medios corporativos para decir que la poblaci\u00f3n del Valle de Tambo s\u00ed est\u00e1 a favor del proyecto. Temen que se le otorgue la licencia de funcionamiento y que sus actividades comiencen el 2017, como lo ha previsto Oscar Gonzales Rocha, director de Southern Copper.<\/p>\n<p>La poblaci\u00f3n que habita en el Valle de Tambo se dedica a la actividad agr\u00edcola, por lo que se opone firmemente al proyecto minero de la Southern. Si bien este proyecto en un principio contemplaba el uso de las aguas subterr\u00e1neas para el proceso de extracci\u00f3n de metales, ahora ya no es as\u00ed. Sin embargo, la poblaci\u00f3n sigue oponi\u00e9ndose a \u00e9l debido a los problemas de contaminaci\u00f3n que la miner\u00eda a tajo abierto suele ocasionar en las zonas originalmente agr\u00edcolas.<\/p>\n<p>Fuente: Radio Bomba &#8211; Afiche tomado del Facebook de Salvemos el Valle de Tambo.<\/p>","protected":false},"excerpt":{"rendered":"<p>La poblaci\u00f3n del distrito de Dean Valdivia, provincia de Islay (Arequipa), protestar\u00e1 hoy martes 2 de marzo de 2016, en contra de la implementaci\u00f3n del proyecto minero T\u00eda Mar\u00eda de la Minera Southern Copper, del Grupo M\u00e9xico. La protesta, que ser\u00eda la tercera de este a\u00f1o en el Valle de Tambo, ha sido autoconvocada por [&hellip;]<\/p>\n","protected":false},"author":1,"featured_media":5604,"comment_status":"closed","ping_status":"open","sticky":false,"template":"","format":"standard","meta":{"_monsterinsights_skip_tracking":false,"_monsterinsights_sitenote_active":false,"_monsterinsights_sitenote_note":"","_monsterinsights_sitenote_category":0,"_jetpack_memberships_contains_paid_content":false,"footnotes":"","jetpack_publicize_message":"","jetpack_publicize_feature_enabled":true,"jetpack_social_post_already_shared":false,"jetpack_social_options":{"image_generator_settings":{"template":"highway","default_image_id":0,"font":"","enabled":false},"version":2}},"categories":[1],"tags":[],"class_list":["post-5603","post","type-post","status-publish","format-standard","has-post-thumbnail","hentry","category-sin-categoria"],"blocksy_meta":[],"jetpack_publicize_connections":[],"jetpack_featured_media_url":"https:\/\/derechosinfronteras.pe\/wp-content\/uploads\/2016\/03\/Tia-Maria.jpg","jetpack_sharing_enabled":true,"jetpack_likes_enabled":true,"_links":{"self":[{"href":"https:\/\/derechosinfronteras.pe\/ingles\/wp-json\/wp\/v2\/posts\/5603","targetHints":{"allow":["GET"]}}],"collection":[{"href":"https:\/\/derechosinfronteras.pe\/ingles\/wp-json\/wp\/v2\/posts"}],"about":[{"href":"https:\/\/derechosinfronteras.pe\/ingles\/wp-json\/wp\/v2\/types\/post"}],"author":[{"embeddable":true,"href":"https:\/\/derechosinfronteras.pe\/ingles\/wp-json\/wp\/v2\/users\/1"}],"replies":[{"embeddable":true,"href":"https:\/\/derechosinfronteras.pe\/ingles\/wp-json\/wp\/v2\/comments?post=5603"}],"version-history":[{"count":0,"href":"https:\/\/derechosinfronteras.pe\/ingles\/wp-json\/wp\/v2\/posts\/5603\/revisions"}],"wp:featuredmedia":[{"embeddable":true,"href":"https:\/\/derechosinfronteras.pe\/ingles\/wp-json\/wp\/v2\/media\/5604"}],"wp:attachment":[{"href":"https:\/\/derechosinfronteras.pe\/ingles\/wp-json\/wp\/v2\/media?parent=5603"}],"wp:term":[{"taxonomy":"category","embeddable":true,"href":"https:\/\/derechosinfronteras.pe\/ingles\/wp-json\/wp\/v2\/categories?post=5603"},{"taxonomy":"post_tag","embeddable":true,"href":"https:\/\/derechosinfronteras.pe\/ingles\/wp-json\/wp\/v2\/tags?post=5603"}],"curies":[{"name":"wp","href":"https:\/\/api.w.org\/{rel}","templated":true}]}}