{"id":5605,"date":"2016-03-01T10:39:11","date_gmt":"2016-03-01T15:39:11","guid":{"rendered":"http:\/\/derechosinfronteras.pe\/?p=754"},"modified":"2016-03-01T10:39:11","modified_gmt":"2016-03-01T15:39:11","slug":"santiago-manuin-lider-indigena-awajun-se-encuentra-en-estado-critico","status":"publish","type":"post","link":"https:\/\/derechosinfronteras.pe\/ingles\/santiago-manuin-lider-indigena-awajun-se-encuentra-en-estado-critico\/","title":{"rendered":"Santiago Manuin l\u00edder ind\u00edgena awaj\u00fan, se encuentra en estado cr\u00edtico"},"content":{"rendered":"<p>Santiago Manuin es un l\u00edder ind\u00edgena awaj\u00fan, personaje emblem\u00e1tico de los pueblos ind\u00edgenas amaz\u00f3nicos. Durante el Baguazo y a fin de impedir la violencia una r\u00e1faga le produjo ocho heridas de bala que hicieron mella en sus intestinos.<\/p>\n<p>Este hecho marc\u00f3 un antes y despu\u00e9s en la salud de Santiago, que sufre de diabetes. En el megajuicio denominado de la Curva del Diablo Manuin es acusado como responsable del Baguazo y el Estado peruano, a trav\u00e9s del Ministerio P\u00fablico, busca sentenciarlo a cadena perpetua.<\/p>\n<p>Con mucho pesar nos informan que el Santiago Manuin Valera sufri\u00f3 la amputaci\u00f3n de una pierna el fin de semana pasado debido a complicaciones en su salud y se encuentra internado en la Cl\u00ednica del Pac\u00edfico en la ciudad de Chiclayo.<\/p>\n<p>La comunicadora Maya Carlina a trav\u00e9s de un mensaje de Facebook nos indica que quienes deseen apoyar econ\u00f3micamente a Manuin en esta cr\u00edtica situaci\u00f3n pueden hacerlo efectuando alg\u00fan dep\u00f3sito directamente en su cuenta en el Banco de la Naci\u00f3n n\u00famero 04292277259. Para referencia el DNI de Santiago Manuin es 33760081.<\/p>\n<p>Otra forma de brindarle apoyo an\u00edmico \u2014sugiere Maya\u2014 es coordinar con personas que viajen a Chiclayo a fin de enviarle cartas de solidaridad, pinturas, fotos, recuerdos y otras muestras de aprecio que lo estimulen a superar este momento y prosiga escribiendo su biograf\u00eda y preparar los talleres de liderazgo que planeaba desarrollar con j\u00f3venes.<\/p>\n<p>El juicio por los sucesos tr\u00e1gicos de Bagua en el 2009, iniciado en mayo de 2014, viene minando no solo la salud f\u00edsica sino tambi\u00e9n la salud moral de 53 personas, en su mayor\u00eda ind\u00edgenas, quienes deben acudir a las extenuantes audiencias con la consecuente p\u00e9rdida de horas de vida y de recursos econ\u00f3micos para trasladarse desde sus comunidades hasta la sede judicial.<\/p>\n<p>Manuin, por su parte, no ha dejado nunca de denunciar a los verdaderos responsables del Baguazo y exigir justicia nacional e internacional para su pueblo.<\/p>\n<p>La Coordinadora Nacional de Derechos Humanos otorg\u00f3 a Manuin el Premio Nacional de Derechos Humanos 2014 en m\u00e9rito a su labor en la protecci\u00f3n de los derechos del pueblo Awaj\u00fan. Por su parte, el Frente Amplio inscribi\u00f3 a Santiago Manuin como candidato al Congreso de la Rep\u00fablica con el n\u00famero 1 por la regi\u00f3n Amazonas.<\/p>\n<p>\u00abCon premio o sin \u00e9l sigo siendo Santiago Manuin y mi vida sigue al servicio de mi pueblo\u00bb, dijo con humildad y orgullo cuando recibi\u00f3 el premio el 2014. Hoy Manuin requiere del apoyo de todos los que aprecian su calidad de persona, su trayectoria y su lucha.<\/p>\n<p>Fuente: Servindi.org<\/p>","protected":false},"excerpt":{"rendered":"<p>Santiago Manuin es un l\u00edder ind\u00edgena awaj\u00fan, personaje emblem\u00e1tico de los pueblos ind\u00edgenas amaz\u00f3nicos. Durante el Baguazo y a fin de impedir la violencia una r\u00e1faga le produjo ocho heridas de bala que hicieron mella en sus intestinos. Este hecho marc\u00f3 un antes y despu\u00e9s en la salud de Santiago, que sufre de diabetes. En [&hellip;]<\/p>\n","protected":false},"author":1,"featured_media":0,"comment_status":"closed","ping_status":"open","sticky":false,"template":"","format":"standard","meta":{"_monsterinsights_skip_tracking":false,"_monsterinsights_sitenote_active":false,"_monsterinsights_sitenote_note":"","_monsterinsights_sitenote_category":0,"_jetpack_memberships_contains_paid_content":false,"footnotes":"","jetpack_publicize_message":"","jetpack_publicize_feature_enabled":true,"jetpack_social_post_already_shared":false,"jetpack_social_options":{"image_generator_settings":{"template":"highway","default_image_id":0,"font":"","enabled":false},"version":2}},"categories":[1],"tags":[],"class_list":["post-5605","post","type-post","status-publish","format-standard","hentry","category-sin-categoria"],"blocksy_meta":[],"jetpack_publicize_connections":[],"jetpack_featured_media_url":"","jetpack_sharing_enabled":true,"jetpack_likes_enabled":true,"_links":{"self":[{"href":"https:\/\/derechosinfronteras.pe\/ingles\/wp-json\/wp\/v2\/posts\/5605","targetHints":{"allow":["GET"]}}],"collection":[{"href":"https:\/\/derechosinfronteras.pe\/ingles\/wp-json\/wp\/v2\/posts"}],"about":[{"href":"https:\/\/derechosinfronteras.pe\/ingles\/wp-json\/wp\/v2\/types\/post"}],"author":[{"embeddable":true,"href":"https:\/\/derechosinfronteras.pe\/ingles\/wp-json\/wp\/v2\/users\/1"}],"replies":[{"embeddable":true,"href":"https:\/\/derechosinfronteras.pe\/ingles\/wp-json\/wp\/v2\/comments?post=5605"}],"version-history":[{"count":0,"href":"https:\/\/derechosinfronteras.pe\/ingles\/wp-json\/wp\/v2\/posts\/5605\/revisions"}],"wp:attachment":[{"href":"https:\/\/derechosinfronteras.pe\/ingles\/wp-json\/wp\/v2\/media?parent=5605"}],"wp:term":[{"taxonomy":"category","embeddable":true,"href":"https:\/\/derechosinfronteras.pe\/ingles\/wp-json\/wp\/v2\/categories?post=5605"},{"taxonomy":"post_tag","embeddable":true,"href":"https:\/\/derechosinfronteras.pe\/ingles\/wp-json\/wp\/v2\/tags?post=5605"}],"curies":[{"name":"wp","href":"https:\/\/api.w.org\/{rel}","templated":true}]}}