{"id":5610,"date":"2016-02-29T11:48:07","date_gmt":"2016-02-29T16:48:07","guid":{"rendered":"http:\/\/derechosinfronteras.pe\/?p=759"},"modified":"2016-02-29T11:48:07","modified_gmt":"2016-02-29T16:48:07","slug":"londres-aplazan-juicio-a-minera-xstrata-por-represion-en-espinar-el-2012","status":"publish","type":"post","link":"https:\/\/derechosinfronteras.pe\/ingles\/londres-aplazan-juicio-a-minera-xstrata-por-represion-en-espinar-el-2012\/","title":{"rendered":"Londres: Aplazan juicio a minera Xstrata por represi\u00f3n en Espinar el 2012"},"content":{"rendered":"<p>Una comunidad en la provincia de Espinar llev\u00f3 ante la Alta Corte de Londres a la minera Xstrata acusada de responsabilidad en los tres muertos y decenas de heridos en una manifestaci\u00f3n en 2012.<\/p>\n<p>Los abogados de los pobladores solicitaron m\u00e1s tiempo para conseguir documentos de Xstrata, principalmente mensajes de internet que intercambiaron los dirigentes de la minera durante la crisis, en la que murieron tres personas. El jueves 24 y viernes 25 de febrero se celebr\u00f3 una audiencia preliminar del juicio que ten\u00eda que empezar en junio.<\/p>\n<p>Un juez brit\u00e1nico decidi\u00f3 hoy aplazar el juicio a la minera Xstrata por la represi\u00f3n de una manifestaci\u00f3n, en la que murieron tres personas y decenas resultaron heridas, para dar tiempo a los abogados de las v\u00edctimas a reunir m\u00e1s pruebas.<\/p>\n<p>\u201cSer\u00eda poco realista que el juicio tenga lugar en junio\u201d, escribi\u00f3 el juez David Foskett, de la Alta Corte de Londres, en su resoluci\u00f3n publicada hoy.<\/p>\n<p>Foskett fijar\u00e1 la nueva fecha cuando se hayan resuelto todos los problemas, pero ya avanz\u00f3 que le parec\u00eda improbable que estuvieran solucionados en octubre, la nueva posible fecha para el juicio mencionada por los abogados de Xstrata, que creen que la prolongaci\u00f3n del caso da\u00f1a la reputaci\u00f3n de la empresa.<\/p>\n<p>Los 22 demandantes, vecinos de la mina Tintaya, en la provincia de Espinar &#8211; Cusco, consideran a Xstrata como \u201cresponsable por la muerte, heridas y detenci\u00f3n ilegal de manifestantes que protestaron en mayo de 2012 contra la mina\u201d, afirm\u00f3 en un comunicado el bufete de abogados londinense Leigh Day.<\/p>\n<p>Los heridos y las familias de los muertos aseguran que la polic\u00eda recibi\u00f3 casi medio mill\u00f3n de d\u00f3lares de la empresa para proteger la mina, explic\u00f3 Leigh Day.<\/p>\n<p>Por aquella \u00e9poca Espinar fue escenario de fuertes protestas contra la minera Xstrata Tintaya, a cuyas actividades se atribu\u00eda la contaminaci\u00f3n de los r\u00edos Salado y Ca\u00f1ipa.<\/p>\n<p>El gobierno decret\u00f3 el estado de emergencia para frenar el conflicto y, en 2014, mult\u00f3 a la empresa minera con 84.500 dolares por la presencia de sedimentos con alta concentraci\u00f3n de cobre en una peque\u00f1a \u00e1rea de pastos naturales.<\/p>\n<p>En el momento de las protestas, la mina pertenec\u00eda a Xstrata Tintaya S.A. (renombrada luego como Compan\u00eda Minera Antapaccay), una filial de la empresa suiza Xstrata, que en 2013 fue adquirida por la brit\u00e1nica Glencore, para formar Glencore Xstrata.<\/p>\n<p>El gobierno decret\u00f3 el estado de emergencia para frenar el conflicto y, en 2014, mult\u00f3 a la empresa minera con Us$ 84,500 por la presencia de sedimentos con alta concentraci\u00f3n de cobre en una peque\u00f1a \u00e1rea de pastos naturales.<\/p>","protected":false},"excerpt":{"rendered":"<p>Una comunidad en la provincia de Espinar llev\u00f3 ante la Alta Corte de Londres a la minera Xstrata acusada de responsabilidad en los tres muertos y decenas de heridos en una manifestaci\u00f3n en 2012. Los abogados de los pobladores solicitaron m\u00e1s tiempo para conseguir documentos de Xstrata, principalmente mensajes de internet que intercambiaron los dirigentes [&hellip;]<\/p>\n","protected":false},"author":1,"featured_media":5611,"comment_status":"closed","ping_status":"open","sticky":false,"template":"","format":"standard","meta":{"_monsterinsights_skip_tracking":false,"_monsterinsights_sitenote_active":false,"_monsterinsights_sitenote_note":"","_monsterinsights_sitenote_category":0,"_jetpack_memberships_contains_paid_content":false,"footnotes":"","jetpack_publicize_message":"","jetpack_publicize_feature_enabled":true,"jetpack_social_post_already_shared":false,"jetpack_social_options":{"image_generator_settings":{"template":"highway","default_image_id":0,"font":"","enabled":false},"version":2}},"categories":[1],"tags":[],"class_list":["post-5610","post","type-post","status-publish","format-standard","has-post-thumbnail","hentry","category-sin-categoria"],"blocksy_meta":[],"jetpack_publicize_connections":[],"jetpack_featured_media_url":"https:\/\/derechosinfronteras.pe\/wp-content\/uploads\/2016\/02\/Espinar-2012.jpg","jetpack_sharing_enabled":true,"jetpack_likes_enabled":true,"_links":{"self":[{"href":"https:\/\/derechosinfronteras.pe\/ingles\/wp-json\/wp\/v2\/posts\/5610","targetHints":{"allow":["GET"]}}],"collection":[{"href":"https:\/\/derechosinfronteras.pe\/ingles\/wp-json\/wp\/v2\/posts"}],"about":[{"href":"https:\/\/derechosinfronteras.pe\/ingles\/wp-json\/wp\/v2\/types\/post"}],"author":[{"embeddable":true,"href":"https:\/\/derechosinfronteras.pe\/ingles\/wp-json\/wp\/v2\/users\/1"}],"replies":[{"embeddable":true,"href":"https:\/\/derechosinfronteras.pe\/ingles\/wp-json\/wp\/v2\/comments?post=5610"}],"version-history":[{"count":0,"href":"https:\/\/derechosinfronteras.pe\/ingles\/wp-json\/wp\/v2\/posts\/5610\/revisions"}],"wp:featuredmedia":[{"embeddable":true,"href":"https:\/\/derechosinfronteras.pe\/ingles\/wp-json\/wp\/v2\/media\/5611"}],"wp:attachment":[{"href":"https:\/\/derechosinfronteras.pe\/ingles\/wp-json\/wp\/v2\/media?parent=5610"}],"wp:term":[{"taxonomy":"category","embeddable":true,"href":"https:\/\/derechosinfronteras.pe\/ingles\/wp-json\/wp\/v2\/categories?post=5610"},{"taxonomy":"post_tag","embeddable":true,"href":"https:\/\/derechosinfronteras.pe\/ingles\/wp-json\/wp\/v2\/tags?post=5610"}],"curies":[{"name":"wp","href":"https:\/\/api.w.org\/{rel}","templated":true}]}}