{"id":5612,"date":"2016-02-29T10:27:50","date_gmt":"2016-02-29T15:27:50","guid":{"rendered":"http:\/\/derechosinfronteras.pe\/?p=765"},"modified":"2016-02-29T10:27:50","modified_gmt":"2016-02-29T15:27:50","slug":"viceministro-de-justicia-del-ministerio-de-justicia-y-derechos-humanos-renuncia-al-cargo","status":"publish","type":"post","link":"https:\/\/derechosinfronteras.pe\/ingles\/viceministro-de-justicia-del-ministerio-de-justicia-y-derechos-humanos-renuncia-al-cargo\/","title":{"rendered":"Viceministro de Justicia del Ministerio de Justicia y Derechos Humanos renuncia al cargo"},"content":{"rendered":"<div id=\"stcpDiv\" class=\"resoluci-n\">\n<p>\u00a0A traves de la\u00a0 Resoluci\u00f3n Suprema N\u00b0 092-2015-JUS, de fecha 16 de mayo de 2015, se designa al se\u00f1or abogado Alfonso Jes\u00fas Garc\u00e9s Manyari en el cargo de Viceministro de Justicia del Ministerio de Justicia y Derechos Humanos; el mismo que presento su renuncia al cargo que preside y fue aprobrada con la R . S N\u00b0 033-2016-JUS el ultimo 29 de Febrero.<\/p>\n<p class=\"cuerpo\">Pues de conformidad con lo dispuesto en la Ley N\u00b0 29158, Ley Org\u00e1nica del Poder Ejecutivo; la Ley N\u00b0 27594, Ley que regula la participaci\u00f3n del Poder Ejecutivo en el nombramiento y designaci\u00f3n de funcionarios p\u00fablicos; la Ley N\u00b0 29809, Ley de Organizaci\u00f3n y Funciones del Ministerio de Justicia y Derechos Humanos; y, el Decreto Supremo 011-2012-JUS, que aprueba el Reglamento de Organizaci\u00f3n y Funciones del Ministerio de Justicia y Derechos Humanos, se\u00a0 Acepta la renuncia formulada por el\u00a0 abogado Alfonso Jes\u00fas Garc\u00e9s Manyari al cargo de Viceministro de Justicia del Ministerio de Justicia y Derechos Humanos, d\u00e1ndosele las gracias por los servicios prestados hasta la fecha.<\/p>\n<\/div>","protected":false},"excerpt":{"rendered":"<p>\u00a0A traves de la\u00a0 Resoluci\u00f3n Suprema N\u00b0 092-2015-JUS, de fecha 16 de mayo de 2015, se designa al se\u00f1or abogado Alfonso Jes\u00fas Garc\u00e9s Manyari en el cargo de Viceministro de Justicia del Ministerio de Justicia y Derechos Humanos; el mismo que presento su renuncia al cargo que preside y fue aprobrada con la R . [&hellip;]<\/p>\n","protected":false},"author":1,"featured_media":5613,"comment_status":"closed","ping_status":"open","sticky":false,"template":"","format":"standard","meta":{"_monsterinsights_skip_tracking":false,"_monsterinsights_sitenote_active":false,"_monsterinsights_sitenote_note":"","_monsterinsights_sitenote_category":0,"_jetpack_memberships_contains_paid_content":false,"footnotes":"","jetpack_publicize_message":"","jetpack_publicize_feature_enabled":true,"jetpack_social_post_already_shared":false,"jetpack_social_options":{"image_generator_settings":{"template":"highway","default_image_id":0,"font":"","enabled":false},"version":2}},"categories":[1],"tags":[],"class_list":["post-5612","post","type-post","status-publish","format-standard","has-post-thumbnail","hentry","category-sin-categoria"],"blocksy_meta":[],"jetpack_publicize_connections":[],"jetpack_featured_media_url":"https:\/\/derechosinfronteras.pe\/wp-content\/uploads\/2016\/03\/AgenciaAndina-1.jpg","jetpack_sharing_enabled":true,"jetpack_likes_enabled":true,"_links":{"self":[{"href":"https:\/\/derechosinfronteras.pe\/ingles\/wp-json\/wp\/v2\/posts\/5612","targetHints":{"allow":["GET"]}}],"collection":[{"href":"https:\/\/derechosinfronteras.pe\/ingles\/wp-json\/wp\/v2\/posts"}],"about":[{"href":"https:\/\/derechosinfronteras.pe\/ingles\/wp-json\/wp\/v2\/types\/post"}],"author":[{"embeddable":true,"href":"https:\/\/derechosinfronteras.pe\/ingles\/wp-json\/wp\/v2\/users\/1"}],"replies":[{"embeddable":true,"href":"https:\/\/derechosinfronteras.pe\/ingles\/wp-json\/wp\/v2\/comments?post=5612"}],"version-history":[{"count":0,"href":"https:\/\/derechosinfronteras.pe\/ingles\/wp-json\/wp\/v2\/posts\/5612\/revisions"}],"wp:featuredmedia":[{"embeddable":true,"href":"https:\/\/derechosinfronteras.pe\/ingles\/wp-json\/wp\/v2\/media\/5613"}],"wp:attachment":[{"href":"https:\/\/derechosinfronteras.pe\/ingles\/wp-json\/wp\/v2\/media?parent=5612"}],"wp:term":[{"taxonomy":"category","embeddable":true,"href":"https:\/\/derechosinfronteras.pe\/ingles\/wp-json\/wp\/v2\/categories?post=5612"},{"taxonomy":"post_tag","embeddable":true,"href":"https:\/\/derechosinfronteras.pe\/ingles\/wp-json\/wp\/v2\/tags?post=5612"}],"curies":[{"name":"wp","href":"https:\/\/api.w.org\/{rel}","templated":true}]}}