{"id":5618,"date":"2016-02-26T16:37:32","date_gmt":"2016-02-26T21:37:32","guid":{"rendered":"http:\/\/derechosinfronteras.pe\/?p=738"},"modified":"2016-02-26T16:37:32","modified_gmt":"2016-02-26T21:37:32","slug":"colectivos-y-organizaciones-otra-vez-en-las-calles-contra-el-tpp","status":"publish","type":"post","link":"https:\/\/derechosinfronteras.pe\/ingles\/colectivos-y-organizaciones-otra-vez-en-las-calles-contra-el-tpp\/","title":{"rendered":"Colectivos y organizaciones otra vez en las calles contra el TPP"},"content":{"rendered":"<p>Cusco y otros departamentos como Lima y Arequipa se movilizaron rechazando la firma del Acuerdo Estrat\u00e9gico Trans \u2013 Pac\u00edfico de Asociaci\u00f3n Econ\u00f3mica con Estados Unidos que pretende monopolizar y perpetuar patentes afectando el acceso de medicamentos.<\/p>\n<p>Seg\u00fan el Colegio Qu\u00edmico Farmac\u00e9utico el TPP colocar\u00e1 biotecnolog\u00eda en calidad de monopolio para el tratamiento de enfermedades como el c\u00e1ncer, diabetes, artritis y otras. Lo m\u00e1s grave de este acuerdo es que se pretende excluir los medicamentos gen\u00e9ricos, que son los m\u00e1s accesibles por ser m\u00e1s econ\u00f3micos.<\/p>\n<p>A nivel nacional la protesta continua, los manifestantes exigen al gobierno que se garantice la defensa de la salud la vida y el acceso a medicamentos de bajo costo. Debemos ser conscientes que el TPP subir\u00e1 precios de los medicamentos y priorizar\u00e1 los alimentos transg\u00e9nicos.<\/p>\n<p>Nuestra sociedad sigue de cabeza, los m\u00e1s vulnerables son los que pagan por la avaricia y\/o ganancia de unos pocos y en esta lamentable situaci\u00f3n son parte nuestros gobiernos, son quienes avalan y garantizan que se cumplan estos planes en que estados siguen dominando a otros.<\/p>\n<p>El pasado 04 de febrero hemos sido testigos de otro cap\u00edtulo de imposici\u00f3n, los ministros y representantes de doce pa\u00edses firmaron en Nueva Zelanda el Acuerdo de Asociaci\u00f3n Transpac\u00edfico (TPP), un tratado que ha sido suscrito por el gobierno peruano y que pone en una situaci\u00f3n de incertidumbre a toda la poblaci\u00f3n.<\/p>\n<p>Las cr\u00edticas a este acuerdo pasan por el car\u00e1cter secreto que se ha tenido en la negociaci\u00f3n de sus cl\u00e1usulas, en el caso peruano este tratado se ha ido discutiendo bajo la mesa desde el gobierno aprista hasta el visto bueno del actual gobierno \u201cnacionalista\u201d.<\/p>\n<p>Lo que ha llegado como un baldazo de agua fr\u00eda es que el TPP vulnera las leyes regulatorias que protegen la salud p\u00fablica, la seguridad y el medio ambiente, eso quiere decir que pueden subir los precios de los medicamentos, quebrantar la privacidad del acceso al internet y priorizar los transg\u00e9nicos por encima de nuestra riqueza alimentaria.<\/p>\n<p>Ha bastado esta informaci\u00f3n para que a nivel mundial la ciudadan\u00eda salga a movilizarse y denunciar este tratado, en el Cusco diferentes colectivos salieron a las calles a movilizarse por las principales arterias de la ciudad, en Lima la participaci\u00f3n fue masiva y la respuesta de la PNP fue la represi\u00f3n y detenci\u00f3n de m\u00e1s de diez j\u00f3venes en la 5ta marcha contra el TPP realizado el d\u00eda de ayer jueves 25; El abuso policial y el uso de la armas de fuego son evidentes: disparan y amenazan a chicos que se escond\u00edan para protegerse, los disparos fueron realizados a las 8:10 pm en el cruce de jr. Pomabamba con Jr. Chacas (Bre\u00f1a), minutos despu\u00e9s de haber reprimido a los manifestantes en av. Alfonso Ugarte, a la altura del partido aprista.<\/p>\n<p>Sin embargo NO todo est\u00e1 perdido, en los pr\u00f3ximos meses el TPP tiene que ser ratificado por el Congreso de la Rep\u00fablica y si existe un rechazo por parte de la poblaci\u00f3n dicho tratado ser\u00e1 desestimado.<\/p>","protected":false},"excerpt":{"rendered":"<p>Cusco y otros departamentos como Lima y Arequipa se movilizaron rechazando la firma del Acuerdo Estrat\u00e9gico Trans \u2013 Pac\u00edfico de Asociaci\u00f3n Econ\u00f3mica con Estados Unidos que pretende monopolizar y perpetuar patentes afectando el acceso de medicamentos. Seg\u00fan el Colegio Qu\u00edmico Farmac\u00e9utico el TPP colocar\u00e1 biotecnolog\u00eda en calidad de monopolio para el tratamiento de enfermedades como [&hellip;]<\/p>\n","protected":false},"author":1,"featured_media":5619,"comment_status":"closed","ping_status":"open","sticky":false,"template":"","format":"standard","meta":{"_monsterinsights_skip_tracking":false,"_monsterinsights_sitenote_active":false,"_monsterinsights_sitenote_note":"","_monsterinsights_sitenote_category":0,"_jetpack_memberships_contains_paid_content":false,"footnotes":"","jetpack_publicize_message":"","jetpack_publicize_feature_enabled":true,"jetpack_social_post_already_shared":false,"jetpack_social_options":{"image_generator_settings":{"template":"highway","default_image_id":0,"font":"","enabled":false},"version":2}},"categories":[1],"tags":[],"class_list":["post-5618","post","type-post","status-publish","format-standard","has-post-thumbnail","hentry","category-sin-categoria"],"blocksy_meta":[],"jetpack_publicize_connections":[],"jetpack_featured_media_url":"https:\/\/derechosinfronteras.pe\/wp-content\/uploads\/2016\/02\/TPP.jpg","jetpack_sharing_enabled":true,"jetpack_likes_enabled":true,"_links":{"self":[{"href":"https:\/\/derechosinfronteras.pe\/ingles\/wp-json\/wp\/v2\/posts\/5618","targetHints":{"allow":["GET"]}}],"collection":[{"href":"https:\/\/derechosinfronteras.pe\/ingles\/wp-json\/wp\/v2\/posts"}],"about":[{"href":"https:\/\/derechosinfronteras.pe\/ingles\/wp-json\/wp\/v2\/types\/post"}],"author":[{"embeddable":true,"href":"https:\/\/derechosinfronteras.pe\/ingles\/wp-json\/wp\/v2\/users\/1"}],"replies":[{"embeddable":true,"href":"https:\/\/derechosinfronteras.pe\/ingles\/wp-json\/wp\/v2\/comments?post=5618"}],"version-history":[{"count":0,"href":"https:\/\/derechosinfronteras.pe\/ingles\/wp-json\/wp\/v2\/posts\/5618\/revisions"}],"wp:featuredmedia":[{"embeddable":true,"href":"https:\/\/derechosinfronteras.pe\/ingles\/wp-json\/wp\/v2\/media\/5619"}],"wp:attachment":[{"href":"https:\/\/derechosinfronteras.pe\/ingles\/wp-json\/wp\/v2\/media?parent=5618"}],"wp:term":[{"taxonomy":"category","embeddable":true,"href":"https:\/\/derechosinfronteras.pe\/ingles\/wp-json\/wp\/v2\/categories?post=5618"},{"taxonomy":"post_tag","embeddable":true,"href":"https:\/\/derechosinfronteras.pe\/ingles\/wp-json\/wp\/v2\/tags?post=5618"}],"curies":[{"name":"wp","href":"https:\/\/api.w.org\/{rel}","templated":true}]}}