{"id":5620,"date":"2016-02-26T15:28:44","date_gmt":"2016-02-26T20:28:44","guid":{"rendered":"http:\/\/derechosinfronteras.pe\/?p=733"},"modified":"2016-02-26T15:28:44","modified_gmt":"2016-02-26T20:28:44","slug":"firma-ahora-para-que-los-candidatos-y-candidatas-esten-comprometidos-a-defender-nuestro-medio-ambiente","status":"publish","type":"post","link":"https:\/\/derechosinfronteras.pe\/ingles\/firma-ahora-para-que-los-candidatos-y-candidatas-esten-comprometidos-a-defender-nuestro-medio-ambiente\/","title":{"rendered":"Firma ahora, para que los candidatos y candidatas est\u00e9n comprometidos a defender nuestro medio ambiente."},"content":{"rendered":"<p>Al encontrarnos en una coyuntura electoral muy re\u00f1ida, adem\u00e1s de denuncias y anuncios que cada 5 minutos sacan de candidatos adversarios uno de otro. Y frente a la incierta situaci\u00f3n de la CONSULTA PREVIA en nuestro Per\u00fa, es necesario ser conscientes que el neg\u00e1rnosla ser\u00eda un atentado contra nuestros pueblos y territorio.<\/p>\n<p>\u201cEstamos preocupados por las p\u00e9simas condiciones sociales y ambientales en que vive la poblaci\u00f3n peruana, especialmente los 7 millones de ind\u00edgenas de la Amazon\u00eda y de la regi\u00f3n Andina\u201d.<\/p>\n<p>La naturaleza y los bienes que ella nos ofrece son los recursos m\u00e1s preciados del planeta, su uso es un derecho humano primordial, que en los \u00faltimos tiempos viene siendo afectado por acciones humanas.<\/p>\n<p>Es necesario poder aportar un poco para mejorar esta situaci\u00f3n; a travez de la pagina de OXFAN t\u00fa puedes ayudar con tu firma para que los candidatos y candidatas est\u00e9n comprometidos a defender nuestro medio ambiente.<\/p>\n<p>FIRMA AHORA<\/p>\n<p>https:\/\/act.oxfam.org\/peru\/es\/actions\/defendamos-nuestro-medio-ambiente<\/p>\n<p>&nbsp;<\/p>","protected":false},"excerpt":{"rendered":"<p>Al encontrarnos en una coyuntura electoral muy re\u00f1ida, adem\u00e1s de denuncias y anuncios que cada 5 minutos sacan de candidatos adversarios uno de otro. Y frente a la incierta situaci\u00f3n de la CONSULTA PREVIA en nuestro Per\u00fa, es necesario ser conscientes que el neg\u00e1rnosla ser\u00eda un atentado contra nuestros pueblos y territorio. \u201cEstamos preocupados por [&hellip;]<\/p>\n","protected":false},"author":1,"featured_media":5621,"comment_status":"closed","ping_status":"open","sticky":false,"template":"","format":"standard","meta":{"_monsterinsights_skip_tracking":false,"_monsterinsights_sitenote_active":false,"_monsterinsights_sitenote_note":"","_monsterinsights_sitenote_category":0,"_jetpack_memberships_contains_paid_content":false,"footnotes":"","jetpack_publicize_message":"","jetpack_publicize_feature_enabled":true,"jetpack_social_post_already_shared":false,"jetpack_social_options":{"image_generator_settings":{"template":"highway","default_image_id":0,"font":"","enabled":false},"version":2}},"categories":[1],"tags":[],"class_list":["post-5620","post","type-post","status-publish","format-standard","has-post-thumbnail","hentry","category-sin-categoria"],"blocksy_meta":[],"jetpack_publicize_connections":[],"jetpack_featured_media_url":"https:\/\/derechosinfronteras.pe\/wp-content\/uploads\/2016\/02\/firmaOXFAM-e1494265812894.jpg","jetpack_sharing_enabled":true,"jetpack_likes_enabled":true,"_links":{"self":[{"href":"https:\/\/derechosinfronteras.pe\/ingles\/wp-json\/wp\/v2\/posts\/5620","targetHints":{"allow":["GET"]}}],"collection":[{"href":"https:\/\/derechosinfronteras.pe\/ingles\/wp-json\/wp\/v2\/posts"}],"about":[{"href":"https:\/\/derechosinfronteras.pe\/ingles\/wp-json\/wp\/v2\/types\/post"}],"author":[{"embeddable":true,"href":"https:\/\/derechosinfronteras.pe\/ingles\/wp-json\/wp\/v2\/users\/1"}],"replies":[{"embeddable":true,"href":"https:\/\/derechosinfronteras.pe\/ingles\/wp-json\/wp\/v2\/comments?post=5620"}],"version-history":[{"count":0,"href":"https:\/\/derechosinfronteras.pe\/ingles\/wp-json\/wp\/v2\/posts\/5620\/revisions"}],"wp:featuredmedia":[{"embeddable":true,"href":"https:\/\/derechosinfronteras.pe\/ingles\/wp-json\/wp\/v2\/media\/5621"}],"wp:attachment":[{"href":"https:\/\/derechosinfronteras.pe\/ingles\/wp-json\/wp\/v2\/media?parent=5620"}],"wp:term":[{"taxonomy":"category","embeddable":true,"href":"https:\/\/derechosinfronteras.pe\/ingles\/wp-json\/wp\/v2\/categories?post=5620"},{"taxonomy":"post_tag","embeddable":true,"href":"https:\/\/derechosinfronteras.pe\/ingles\/wp-json\/wp\/v2\/tags?post=5620"}],"curies":[{"name":"wp","href":"https:\/\/api.w.org\/{rel}","templated":true}]}}