{"id":5630,"date":"2016-02-24T16:22:00","date_gmt":"2016-02-24T21:22:00","guid":{"rendered":"http:\/\/derechosinfronteras.pe\/?p=702"},"modified":"2016-02-24T16:22:00","modified_gmt":"2016-02-24T21:22:00","slug":"chinalco-podria-afectar-la-alta-calificacion-internacional-del-peru-ante-el-eiti","status":"publish","type":"post","link":"https:\/\/derechosinfronteras.pe\/ingles\/chinalco-podria-afectar-la-alta-calificacion-internacional-del-peru-ante-el-eiti\/","title":{"rendered":"Chinalco podr\u00eda afectar la alta calificaci\u00f3n internacional del Per\u00fa ante el EITI"},"content":{"rendered":"<p>AL NO PARTICIPAR EN INFORMES DE CONCILIACI\u00d3N<\/p>\n<p>Durante la presentaci\u00f3n del V Estudio de Conciliaci\u00f3n Nacional (ECN), de la Iniciativa para la Transparencia en las Industrias Extractivas (EITI), el Coordinador Ejecutivo de Grupo Propuesta Ciudadana, Epifanio Baca, advirti\u00f3 que la ausencia de la minera Chinalco en los informes de conciliaci\u00f3n, podr\u00eda ser perjudicial en la calificaci\u00f3n del pa\u00eds frente a la Secretar\u00eda Internacional del EITI.<\/p>\n<p>\u201cChinalco es la empresa que no ha querido hacer p\u00fablica, su informaci\u00f3n para el EITI. Esto afecta los avances del EITI en el Per\u00fa\u201d, asever\u00f3 el tambi\u00e9n representante alterno de la sociedad civil de la Comisi\u00f3n Nacional EITI.<\/p>\n<p>En ese sentido, Pilar Camero, representante de Derecho, Ambiente y Recursos Naturales (DAR), lament\u00f3 que las empresas no contin\u00faen participando en los informes de conciliaci\u00f3n como en el caso de Chinalco que posee una participaci\u00f3n mayor al 2% en el sector.<\/p>\n<p><strong>Informaci\u00f3n social y ambiental en el EITI<\/strong><\/p>\n<p>Para Pilar Camero, tambi\u00e9n representante titular de la sociedad civil ante la Comisi\u00f3n Nacional EITI Per\u00fa, tambi\u00e9n se debe avanzar en incluir informaci\u00f3n ambiental y social. Asimismo, propuso que el EITI sea considerado una pol\u00edtica p\u00fablica para exigir la informaci\u00f3n econ\u00f3mica de las empresas con mayor incidencia.<\/p>\n<p>Por su lado, Epifanio Baca, sugiri\u00f3 que los gastos ambientales y sociales se incluyan de manera desagregada, lo cual contribuir\u00eda para evitar m\u00e1s conflictos sociales en el pa\u00eds, al igual que una publicaci\u00f3n m\u00e1s oportuna de los informes, de lo contrario estos pueden perder vigencia e inter\u00e9s.<\/p>\n<p>En respuesta, Carlos Aranda, representante de Southern Cooper, plante\u00f3 que nuevos elementos como los ambientales y los sociales, podr\u00edan enredar el proceso. \u201cEl tema del uso de recursos a nivel regional debe ser prioritario, pero no incluir nuevos elementos\u201d, consider\u00f3.<\/p>\n<p>A su turno, el viceministro de Minas, Guillermo Shinno, respondi\u00f3 que el incluir nuevas variables en el EITI no puede ser una imposici\u00f3n, sino parte de los espacios de discusiones de empresas, estados y sociedad.<\/p>\n<p>\u201cHay diferencia entre el Estado, las empresas y la sociedad civil (\u2026) se debe evangelizar a las empresas y explicarles los beneficios al participar en el EITI. Por ejemplo, la gente podr\u00e1 visualizar mejor como la miner\u00eda aporta\u201d, refiri\u00f3.<\/p>\n<p>Asimismo, la representante de DAR, recomend\u00f3 que \u2013a futuro- el reto del EITI debe ser alcanzar mayor agilidad al momento de brindar y recibir la informaci\u00f3n. \u201cCuando no hay informaci\u00f3n transparente de las empresas extractivas, se origina un elemento m\u00e1s para que se den conflictos sociales\u201d remarc\u00f3 Camero.<\/p>\n<p><strong>En qu\u00e9 est\u00e1 EITI en Per\u00fa<\/strong><\/p>\n<p>Previo a la presentaci\u00f3n del estudio -en la reuni\u00f3n denominada Agenda Per\u00fa- la ministra de Energ\u00eda y Minas (MEM), Rosa Mar\u00eda Ortiz hizo un breve informe sobre c\u00f3mo se ha ido manejando el EITI en el Per\u00fa.<\/p>\n<p>Ortiz, resalt\u00f3 que su sector ha venido trabajando la iniciativa EITI desde el a\u00f1o 2006 cuando se aprob\u00f3 el primer \u201cPlan de Acci\u00f3n para la implementaci\u00f3n del EITI en el Per\u00fa\u201d y se dio paso a la institucionalizaci\u00f3n de la Comisi\u00f3n Multisectorial EITI Per\u00fa con el Estado, las empresas y la Sociedad Civil. De igual modo, los Estudios de Conciliaci\u00f3n Nacional (ECN) que el Per\u00fa ha producido. \u201cSon cinco Estudios de Conciliaci\u00f3n y dos Estudios de Transparencia Regional adecuados a est\u00e1ndares, con desagregaci\u00f3n de informaci\u00f3n y debates p\u00fablicos\u201d, coment\u00f3.<\/p>\n<p>Asimismo se refiri\u00f3 a los Procesos del EITI a nivel sub-nacional con la implementaci\u00f3n en Moquegua y Piura, donde se han instalado Comisiones Regionales EITI con el prop\u00f3sito de realizar Estudios de Transparencia Regional, en los cuales se presenta informaci\u00f3n sobre las transferencias acreditadas del MEF.<\/p>\n<p>La titular del MEM, dijo esperar que el evento permita intercambiar experiencias en la implementaci\u00f3n del EITI, ya que son 70 pa\u00edses del mundo que por primera vez se re\u00fanen en Am\u00e9rica en el marco de esta conferencia internacional.<\/p>\n<p>Por su parte, Numa Arellano, consultora de Ernst &amp;Young y encargada de presentar los resultados del V ECN, remarc\u00f3 que un problema frecuente, es que las empresas brindan informaci\u00f3n de forma voluntaria, pero sin haber renunciado a la reserva tributaria, lo cual no permite conciliar \u2013comparar- con la informaci\u00f3n oficial.<\/p>\n<p>En ese sentido, Arellano se\u00f1al\u00f3 que en miner\u00eda, la informaci\u00f3n oficial y voluntaria tiene una diferencia del 9% en la conciliaci\u00f3n, y que adem\u00e1s solo el 85% de las mineras han brindado informaci\u00f3n.<\/p>\n<p>\u201cAun as\u00ed, el Per\u00fa es el primer pa\u00eds en Am\u00e9rica Latina en lograr el car\u00e1cter de pa\u00eds cumplidor, por ello su participaci\u00f3n no debe caer, sino aumentar para lograr materialidad en la informaci\u00f3n y que esta sea representativa\u201d, acot\u00f3.<\/p>\n<p><strong>DATOS<\/strong><\/p>\n<ul>\n<li>EITI (2005) es una alianza estrat\u00e9gica internacional integrada por 48 pa\u00edses que re\u00fane a gobiernos, empresas extractivas (miner\u00eda, petr\u00f3leo y gas) y sociedad civil, para transparentar los pagos que hacen las empresas a los gobiernos.<\/li>\n<li>Su finalidad es verificar una adecuada rendici\u00f3n de cuentas y que los recursos obtenidos fomenten el desarrollo de los pa\u00edses miembros.<\/li>\n<li>Fernando Castillo de la Oficina de Gesti\u00f3n Social del Minem, indic\u00f3 que coordina la incorporaci\u00f3n de EITI en Arequipa y Loreto.<\/li>\n<\/ul>","protected":false},"excerpt":{"rendered":"<p>AL NO PARTICIPAR EN INFORMES DE CONCILIACI\u00d3N Durante la presentaci\u00f3n del V Estudio de Conciliaci\u00f3n Nacional (ECN), de la Iniciativa para la Transparencia en las Industrias Extractivas (EITI), el Coordinador Ejecutivo de Grupo Propuesta Ciudadana, Epifanio Baca, advirti\u00f3 que la ausencia de la minera Chinalco en los informes de conciliaci\u00f3n, podr\u00eda ser perjudicial en la [&hellip;]<\/p>\n","protected":false},"author":1,"featured_media":5631,"comment_status":"closed","ping_status":"open","sticky":false,"template":"","format":"standard","meta":{"_monsterinsights_skip_tracking":false,"_monsterinsights_sitenote_active":false,"_monsterinsights_sitenote_note":"","_monsterinsights_sitenote_category":0,"_jetpack_memberships_contains_paid_content":false,"footnotes":"","jetpack_publicize_message":"","jetpack_publicize_feature_enabled":true,"jetpack_social_post_already_shared":false,"jetpack_social_options":{"image_generator_settings":{"template":"highway","default_image_id":0,"font":"","enabled":false},"version":2}},"categories":[1],"tags":[],"class_list":["post-5630","post","type-post","status-publish","format-standard","has-post-thumbnail","hentry","category-sin-categoria"],"blocksy_meta":[],"jetpack_publicize_connections":[],"jetpack_featured_media_url":"https:\/\/derechosinfronteras.pe\/wp-content\/uploads\/2016\/02\/eitiministra.png","jetpack_sharing_enabled":true,"jetpack_likes_enabled":true,"_links":{"self":[{"href":"https:\/\/derechosinfronteras.pe\/ingles\/wp-json\/wp\/v2\/posts\/5630","targetHints":{"allow":["GET"]}}],"collection":[{"href":"https:\/\/derechosinfronteras.pe\/ingles\/wp-json\/wp\/v2\/posts"}],"about":[{"href":"https:\/\/derechosinfronteras.pe\/ingles\/wp-json\/wp\/v2\/types\/post"}],"author":[{"embeddable":true,"href":"https:\/\/derechosinfronteras.pe\/ingles\/wp-json\/wp\/v2\/users\/1"}],"replies":[{"embeddable":true,"href":"https:\/\/derechosinfronteras.pe\/ingles\/wp-json\/wp\/v2\/comments?post=5630"}],"version-history":[{"count":0,"href":"https:\/\/derechosinfronteras.pe\/ingles\/wp-json\/wp\/v2\/posts\/5630\/revisions"}],"wp:featuredmedia":[{"embeddable":true,"href":"https:\/\/derechosinfronteras.pe\/ingles\/wp-json\/wp\/v2\/media\/5631"}],"wp:attachment":[{"href":"https:\/\/derechosinfronteras.pe\/ingles\/wp-json\/wp\/v2\/media?parent=5630"}],"wp:term":[{"taxonomy":"category","embeddable":true,"href":"https:\/\/derechosinfronteras.pe\/ingles\/wp-json\/wp\/v2\/categories?post=5630"},{"taxonomy":"post_tag","embeddable":true,"href":"https:\/\/derechosinfronteras.pe\/ingles\/wp-json\/wp\/v2\/tags?post=5630"}],"curies":[{"name":"wp","href":"https:\/\/api.w.org\/{rel}","templated":true}]}}