{"id":5634,"date":"2016-02-23T15:56:43","date_gmt":"2016-02-23T20:56:43","guid":{"rendered":"http:\/\/derechosinfronteras.pe\/?p=694"},"modified":"2016-02-23T15:56:43","modified_gmt":"2016-02-23T20:56:43","slug":"pronunciamiento-la-sociedad-civil-peruana-ante-la-vii-conferencia-global-de-la-iniciativa-para-la-transparencia-en-las-industrias-extractivas","status":"publish","type":"post","link":"https:\/\/derechosinfronteras.pe\/ingles\/pronunciamiento-la-sociedad-civil-peruana-ante-la-vii-conferencia-global-de-la-iniciativa-para-la-transparencia-en-las-industrias-extractivas\/","title":{"rendered":"Pronunciamiento: La sociedad civil peruana ante la VII conferencia global de la Iniciativa para la Transparencia en las Industrias Extractivas"},"content":{"rendered":"<p>La Iniciativa para la Transparencia en las Industrias Extractivas (ElTI, por sus siglas en ingl\u00e9s) es una alianza estrat\u00e9gica internacional conformada por gobiernos, empresas extractivas y sociedad civil de 49 pa\u00edses para hacer transparentes las industrias que se sustentan en la extracci\u00f3n de nuestros recursos naturales como el petr\u00f3leo, el gas y los minerales.<\/p>\n<p>Per\u00fa lleva 10 a\u00f1os dentro de esta iniciativa y en febrero del presente a\u00f1o ser\u00e1 sede de la VII Conferencia Anual del EITI. Esta conferencia espera reunir a representantes de los gobiernos, las empresas y las redes de sociedad civil de todo el mundo involucrados en el EITI. El objetivo del evento es reafirmar el est\u00e1ndar EITI que exige que los pa\u00edses transparenten de manera desagregada todos los pagos de las empresas a los gobiernos y el uso que los gobiernos hacen de estos ingresos, debatir sobre las nuevas perspectivas del EITI y elegir a los nuevos representantes de los tres sectores al Consejo Global del EITI.<\/p>\n<p>Hoy existe un nuevo contexto pol\u00edtico y econ\u00f3mico, de ca\u00edda de la demanda de los precios y las inversiones, agudizaci\u00f3n de la falta de transparencia, efectos negativos producto de industrias extractivas sin adecuadas salvaguardas, vulneraci\u00f3n de derechos y riesgos de mayor flexibilizaci\u00f3n socio-ambiental.<\/p>\n<p>Ante ello, las organizaciones de la sociedad civil que han desarrollado puntos comunes, suscribimos el presente pronunciamiento manifestando que:<\/p>\n<p>Las actividades extractivas se desarrollan sobre la base de la explotaci\u00f3n de recursos naturales que son propiedad de la naci\u00f3n. Los gobernantes de turno tendr\u00edan que impedir la desaparici\u00f3n de tales recursos naturales y preservar su productividad, a fin de que puedan beneficiar no solo a las actuales generaciones de ciudadanos, sino tambi\u00e9n a las venideras.<\/p>\n<p>Las actividades extractivas producen importantes ingresos para los Estados y por ello los gobiernos vienen incentivando de manera agresiva estas inversiones a trav\u00e9s de pol\u00edticas de flexibilizaci\u00f3n de est\u00e1ndares socio-ambientales. Sin embargo, este fomento indiscriminado ha producido impactos econ\u00f3micos negativos, da\u00f1os ambientales, precarizaci\u00f3n laboral, criminalizaci\u00f3n de la protesta y fuertes conflictos sociales con subsecuentes muertes y heridos de gravedad que lamentamos, y que tememos se pueden agudizar.<\/p>\n<p>Estos impactos negativos pueden ser mucho peores ahora que se ha terminado el ciclo de alta demanda y precios por nuestros recursos naturales, pues nuestros gobiernos \u2013en su af\u00e1n por seguir atrayendo inversiones extractivas- est\u00e1n rebajando impuestos, debilitando los est\u00e1ndares, las normas y las instituciones ambientales, y recortando los derechos territoriales y de consulta previa de las poblaciones ind\u00edgenas.<\/p>\n<p>Los ciudadanos y las ciudadanas del Per\u00fa tenemos derecho a exigir la m\u00e1xima transparencia y acceso a la informaci\u00f3n posibles en las industrias extractivas. Adem\u00e1s, que estas se desarrollen en las zonas donde corresponda realizarlas seg\u00fan un previo ordenamiento territorial, respetando el medio ambiente, los derechos de las y los trabajadores, los derechos de los pueblos ind\u00edgenas y las poblaciones locales que viven en los territorios ricos en recursos naturales.<\/p>\n<p>La iniciativa EITI es una importante oportunidad para promover la m\u00e1s amplia transparencia y rendici\u00f3n de cuentas en las industrias extractivas y la construcci\u00f3n de la gobernanza, hacia un nuevo modelo de desarrollo econ\u00f3mico y social.<\/p>\n<p>El EITI solo puede existir sobre la base de una participaci\u00f3n aut\u00f3noma y representativa de la sociedad civil, sin limitaci\u00f3n de ning\u00fan tipo a su independencia y su capacidad de proponer nuevas iniciativas para enriquecer el proceso internacional y nacional.<\/p>\n<p>Desde esta perspectiva, reconocemos el rol hist\u00f3rico que ha jugado la coalici\u00f3n Publiquen Lo Que Pagan (Publish What You Pay, PWYP) en fomentar a nivel internacional la movilizaci\u00f3n y la organizaci\u00f3n de la sociedad civil para reclamar la m\u00e1xima transparencia en el sector extractivo. Reconocemos tambi\u00e9n el rol que ha jugado y est\u00e1 jugando en la actualidad la coalici\u00f3n PWYP en la selecci\u00f3n imparcial de representantes de la sociedad civil al nuevo Consejo Directivo internacional del EITI.<\/p>\n<p>Resaltamos tambi\u00e9n y manifestamos nuestro acuerdo con el impulso que PWYP y sus redes regionales \u2013como la Red Latinoamericana sobre las Industrias Extractivas, RLIE\u2013 vienen dando a la ampliaci\u00f3n de la agenda del EITI para incluir nuevos temas fiscales (como los precios de transferencia, la propiedad de las empresas intermediarias y los costos de producci\u00f3n), tanto como la informaci\u00f3n relativa a las dimensiones ambientales, laborales y sociales de las actividades extractivas.<\/p>\n<p>La transparencia, el acceso a la informaci\u00f3n, una adecuada gesti\u00f3n ambiental, la participaci\u00f3n ciudadana, el respeto al derecho de los pueblos ind\u00edgenas, la rendici\u00f3n de cuentas y los compromisos internacionales en materia de las industrias extractivas son fundamentales para que el desarrollo de actividades extractivas se haga sobre la base del respeto a los derechos humanos, trabajo digno, la sostenibilidad ambiental y la vigencia del derecho de consulta y consentimiento de las poblaciones ind\u00edgenas y locales en general.<\/p>\n<p>Firmantes:<\/p>\n<p>&nbsp;<\/p>\n<p>Alternativa \u2013 Centro de Investigaci\u00f3n Social y Educaci\u00f3n Popular<\/p>\n<p>Amaz\u00f3nicos por la Amazon\u00eda (AMPA)<\/p>\n<p>Asociaci\u00f3n Arariwa<\/p>\n<p>Asociaci\u00f3n Civil Centro de Cultura Popular Labor<\/p>\n<p>Asociaci\u00f3n Civil Universidad Coherente<\/p>\n<p>Asociaci\u00f3n Derechos Humanos Sin Fronteras<\/p>\n<p>Asociaci\u00f3n Inter\u00e9tnica de Desarrollo de la Selva Peruana (AIDESEP)<\/p>\n<p>Asociaci\u00f3n Nacional de Centros (ANC)<\/p>\n<p>Asociaci\u00f3n para la Conservaci\u00f3n de la Cuenca Amaz\u00f3nica (ACCA)<\/p>\n<p>Asociaci\u00f3n para la Investigaci\u00f3n y Desarrollo Integral (AIDER)<\/p>\n<p>Asociaci\u00f3n Pro Derechos Humanos (APRODEH)<\/p>\n<p>C\u00e1ritas del Per\u00fa<\/p>\n<p>Centro Amaz\u00f3nico de Antropolog\u00eda y Aplicaci\u00f3n Pr\u00e1ctica (CAAAP)<\/p>\n<p>Centro Bartolom\u00e9 de Las Casas (CBC)<\/p>\n<p>Centro de Conservaci\u00f3n, Investigaci\u00f3n y Manejo de \u00c1reas Naturales (CIMA)<\/p>\n<p>Centro de Culturas Ind\u00edgenas del Per\u00fa (CHIRAPAQ)<\/p>\n<p>Centro de Educaci\u00f3n, Organizaci\u00f3n y Promoci\u00f3n del Desarrollo (CEOP) Ilo<\/p>\n<p>Centro de Estudios para el Desarrollo Regional (CEDER)<\/p>\n<p>Centro de Estudios para el Desarrollo y la Participaci\u00f3n (CEDEP)<\/p>\n<p>Centro de Estudios y Promoci\u00f3n del Desarrollo (DESCO)<\/p>\n<p>Centro de investigaci\u00f3n y promoci\u00f3n del campesinado (CIPCA) Piura<\/p>\n<p>Centro Ecum\u00e9nico de Promoci\u00f3n y Acci\u00f3n Social (CEDEPAS) Cajamarca<\/p>\n<p>Centro Ecum\u00e9nico de Promoci\u00f3n y Acci\u00f3n Social (CEDEPAS) Norte<\/p>\n<p>Centro para el Desarrollo del Ind\u00edgena Amaz\u00f3nico (CEDIA)<\/p>\n<p>Centro Peruano de Estudios Sociales (CEPES)<\/p>\n<p>Colegio Economistas Loreto<\/p>\n<p>Comisi\u00f3n de Justicia Social de la Di\u00f3cesis de Chimbote<\/p>\n<p>Confederaci\u00f3n Campesina del Per\u00fa (CCP)<\/p>\n<p>Confederaci\u00f3n General de Trabajadores del Per\u00fa (CGTP)<\/p>\n<p>Confederaci\u00f3n Nacional Agraria (CNA)<\/p>\n<p>Confederaci\u00f3n Nacional de Mujeres Organizadas por la Vida y el Desarrollo Integral (CONAMOVIDI)<\/p>\n<p>Consejo de Coordinaci\u00f3n Local Provincial (CCLP)<\/p>\n<p>Consejo de la Prensa Peruana (CPP)<\/p>\n<p>Consejo Machiguenga del R\u00edo Urubamba (COMARU)<\/p>\n<p>CONVEAGRO \u2013 Convenci\u00f3n Nacional del Agro Peruano<\/p>\n<p>CooperAcci\u00f3n \u2013 Acci\u00f3n Solidaria para el Desarrollo<\/p>\n<p>Cooperativa Norandino<\/p>\n<p>Coordinadora Nacional de Derechos Humanos (CNDDHH)<\/p>\n<p>Derecho, Ambiente y Recursos Naturales (DAR)<\/p>\n<p>DESCOSUR<\/p>\n<p>Environmental Investigation Agency (EIA)<\/p>\n<p>EarthRights International (ERI)<\/p>\n<p>Federaci\u00f3n Enfermedades Peruanas (FEPER)<\/p>\n<p>Foro Ecol\u00f3gico del Per\u00fa<\/p>\n<p>FOROSALUD \u2013 Foro de la Sociedad Civil en Salud<\/p>\n<p>Fundaci\u00f3n Ecum\u00e9nica para el Desarrollo y La Paz (FEDEPAZ)<\/p>\n<p>Grupo Propuesta Ciudadana (GPC)<\/p>\n<p>Instituto de Defensa Legal del Ambiente y el Desarrollo Sostenible (IDLADS)<\/p>\n<p>Instituto del Bien Com\u00fan (IBC)<\/p>\n<p>IPSA &#8211; Instituto de Promoci\u00f3n Social Amaz\u00f3nica (La Voz de la Selva)<\/p>\n<p>Organizaci\u00f3n Nacional de Mujeres Ind\u00edgenas Andinas y Amaz\u00f3nicas del Per\u00fa (ONAMIAP)<\/p>\n<p>Organizaci\u00f3n Regional Aidesep Ucayali (ORAU)<\/p>\n<p>Organizaci\u00f3n Regional de los Pueblos Ind\u00edgenas del Oriente ORPIO-Loreto<\/p>\n<p>OXFAM en Per\u00fa<\/p>\n<p>Paz y Esperanza<\/p>\n<p>Programa Laboral de Desarrollo (PLADES)<\/p>\n<p>Red de Vigilancia del Presupuesto Participativo de Cajamarca<\/p>\n<p>RED MUQUI PER\u00da<\/p>\n<p>Red Peruana por una Globalizaci\u00f3n con Equidad (RedGE)<\/p>\n<p>Salud Preventiva Andina<\/p>\n<p>Servicios en Comunicaci\u00f3n Intercultural (Servindi)<\/p>\n<p>Suma Ciudadana.<\/p>","protected":false},"excerpt":{"rendered":"<p>La Iniciativa para la Transparencia en las Industrias Extractivas (ElTI, por sus siglas en ingl\u00e9s) es una alianza estrat\u00e9gica internacional conformada por gobiernos, empresas extractivas y sociedad civil de 49 pa\u00edses para hacer transparentes las industrias que se sustentan en la extracci\u00f3n de nuestros recursos naturales como el petr\u00f3leo, el gas y los minerales. Per\u00fa [&hellip;]<\/p>\n","protected":false},"author":1,"featured_media":5635,"comment_status":"closed","ping_status":"open","sticky":false,"template":"","format":"standard","meta":{"_monsterinsights_skip_tracking":false,"_monsterinsights_sitenote_active":false,"_monsterinsights_sitenote_note":"","_monsterinsights_sitenote_category":0,"_jetpack_memberships_contains_paid_content":false,"footnotes":"","jetpack_publicize_message":"","jetpack_publicize_feature_enabled":true,"jetpack_social_post_already_shared":false,"jetpack_social_options":{"image_generator_settings":{"template":"highway","default_image_id":0,"font":"","enabled":false},"version":2}},"categories":[1],"tags":[],"class_list":["post-5634","post","type-post","status-publish","format-standard","has-post-thumbnail","hentry","category-sin-categoria"],"blocksy_meta":[],"jetpack_publicize_connections":[],"jetpack_featured_media_url":"https:\/\/derechosinfronteras.pe\/wp-content\/uploads\/2016\/02\/30.jpg","jetpack_sharing_enabled":true,"jetpack_likes_enabled":true,"_links":{"self":[{"href":"https:\/\/derechosinfronteras.pe\/ingles\/wp-json\/wp\/v2\/posts\/5634","targetHints":{"allow":["GET"]}}],"collection":[{"href":"https:\/\/derechosinfronteras.pe\/ingles\/wp-json\/wp\/v2\/posts"}],"about":[{"href":"https:\/\/derechosinfronteras.pe\/ingles\/wp-json\/wp\/v2\/types\/post"}],"author":[{"embeddable":true,"href":"https:\/\/derechosinfronteras.pe\/ingles\/wp-json\/wp\/v2\/users\/1"}],"replies":[{"embeddable":true,"href":"https:\/\/derechosinfronteras.pe\/ingles\/wp-json\/wp\/v2\/comments?post=5634"}],"version-history":[{"count":0,"href":"https:\/\/derechosinfronteras.pe\/ingles\/wp-json\/wp\/v2\/posts\/5634\/revisions"}],"wp:featuredmedia":[{"embeddable":true,"href":"https:\/\/derechosinfronteras.pe\/ingles\/wp-json\/wp\/v2\/media\/5635"}],"wp:attachment":[{"href":"https:\/\/derechosinfronteras.pe\/ingles\/wp-json\/wp\/v2\/media?parent=5634"}],"wp:term":[{"taxonomy":"category","embeddable":true,"href":"https:\/\/derechosinfronteras.pe\/ingles\/wp-json\/wp\/v2\/categories?post=5634"},{"taxonomy":"post_tag","embeddable":true,"href":"https:\/\/derechosinfronteras.pe\/ingles\/wp-json\/wp\/v2\/tags?post=5634"}],"curies":[{"name":"wp","href":"https:\/\/api.w.org\/{rel}","templated":true}]}}