{"id":5638,"date":"2016-02-19T12:04:14","date_gmt":"2016-02-19T17:04:14","guid":{"rendered":"http:\/\/derechosinfronteras.pe\/?p=727"},"modified":"2016-02-19T12:04:14","modified_gmt":"2016-02-19T17:04:14","slug":"derrame-de-petroleo-en-oleoducto-de-petro-peru-cerca-del-distrito-de-pucara","status":"publish","type":"post","link":"https:\/\/derechosinfronteras.pe\/ingles\/derrame-de-petroleo-en-oleoducto-de-petro-peru-cerca-del-distrito-de-pucara\/","title":{"rendered":"Derrame de petr\u00f3leo en oleoducto de Petro Per\u00fa cerca del Distrito de Pucar\u00e1."},"content":{"rendered":"<p>A la altura del km 112 de la pista Fernando Belaunde Terry en la ruta Olmos &#8211; Corral Quemado, alrededor de la 12:00 am del \u00faltimo mi\u00e9rcoles 17 se produjo un nuevo derrame de petr\u00f3leo, tras una rotura del oleoducto Nor Peruano, a un costado de la pista, a tan solo 5 km antes de llegar al Distrito de Pucar\u00e1 (Ja\u00e9n-Cajamarca).<\/p>\n<p>El derrame, a\u00fan no determinado en cantidad, se produjo en una parcela de arroz a unos 70 metros del r\u00edo Huancabamba, que m\u00e1s adelante se convierte en el r\u00edo Chamaya, tributario del Mara\u00f1\u00f3n.<\/p>\n<p>Un equipo de Radio Mara\u00f1\u00f3n, se traslad\u00f3 a la zona la tarde de hoy jueves, al llegar a la zona tras las 6:00 pm, solicit\u00f3 dialogar con la persona a cargo, que seg\u00fan mencionaron era el Ing. \u2018Yufra\u2019.<\/p>\n<p>Personal de Petro Per\u00fa, indicaron que el referido profesional estaba al interior de la zona, que ha sido semi cercada con carpas, tras esperar por varios minutos nunca sali\u00f3 nadie y en todo momento impidieron tomar im\u00e1genes, solicitando incluso retirarse de una zona desde donde se divisaba el derrame.<\/p>\n<p>Alrededor de la 7:00 pm, tras caer la noche, esperando tener algunas tomas del lugar del derrame, el equipo de Radio Mara\u00f1\u00f3n, se traslad\u00f3 hasta un cerro cercano, desde donde se pudo divisar por lo menos tres pozas de crudo que estaba confinado, mientras personal de la empresa estatal realizaba trabajos de recojo, adem\u00e1s una m\u00e1quina que despejaba el ducto.<\/p>\n<p>En Pucar\u00e1, el Presidente del Frente de Defensa de los Inter\u00e9s del Pueblo, Miguel Calleja Carrasco, se\u00f1al\u00f3 que ya curs\u00f3 un correo al Organismo de Evaluaci\u00f3n y Fiscalizaci\u00f3n Ambiental \u2013 OEFA, desde ayer mi\u00e9rcoles, pero no ha tenido respuesta.<\/p>\n<p>Expres\u00f3 que el ducto es un peligro ya que pasa por el centro de la capital del distrito y en cualquier momento podr\u00eda producirse un accidente en la zona urbana.<\/p>\n<p>Fuente: Radio Mara\u00f1on &#8211; Jaen.<\/p>","protected":false},"excerpt":{"rendered":"<p>A la altura del km 112 de la pista Fernando Belaunde Terry en la ruta Olmos &#8211; Corral Quemado, alrededor de la 12:00 am del \u00faltimo mi\u00e9rcoles 17 se produjo un nuevo derrame de petr\u00f3leo, tras una rotura del oleoducto Nor Peruano, a un costado de la pista, a tan solo 5 km antes de [&hellip;]<\/p>\n","protected":false},"author":1,"featured_media":5639,"comment_status":"closed","ping_status":"open","sticky":false,"template":"","format":"standard","meta":{"_monsterinsights_skip_tracking":false,"_monsterinsights_sitenote_active":false,"_monsterinsights_sitenote_note":"","_monsterinsights_sitenote_category":0,"_jetpack_memberships_contains_paid_content":false,"footnotes":"","jetpack_publicize_message":"","jetpack_publicize_feature_enabled":true,"jetpack_social_post_already_shared":false,"jetpack_social_options":{"image_generator_settings":{"template":"highway","default_image_id":0,"font":"","enabled":false},"version":2}},"categories":[1],"tags":[],"class_list":["post-5638","post","type-post","status-publish","format-standard","has-post-thumbnail","hentry","category-sin-categoria"],"blocksy_meta":[],"jetpack_publicize_connections":[],"jetpack_featured_media_url":"https:\/\/derechosinfronteras.pe\/wp-content\/uploads\/2016\/02\/Radio-maranon.jpg","jetpack_sharing_enabled":true,"jetpack_likes_enabled":true,"_links":{"self":[{"href":"https:\/\/derechosinfronteras.pe\/ingles\/wp-json\/wp\/v2\/posts\/5638","targetHints":{"allow":["GET"]}}],"collection":[{"href":"https:\/\/derechosinfronteras.pe\/ingles\/wp-json\/wp\/v2\/posts"}],"about":[{"href":"https:\/\/derechosinfronteras.pe\/ingles\/wp-json\/wp\/v2\/types\/post"}],"author":[{"embeddable":true,"href":"https:\/\/derechosinfronteras.pe\/ingles\/wp-json\/wp\/v2\/users\/1"}],"replies":[{"embeddable":true,"href":"https:\/\/derechosinfronteras.pe\/ingles\/wp-json\/wp\/v2\/comments?post=5638"}],"version-history":[{"count":0,"href":"https:\/\/derechosinfronteras.pe\/ingles\/wp-json\/wp\/v2\/posts\/5638\/revisions"}],"wp:featuredmedia":[{"embeddable":true,"href":"https:\/\/derechosinfronteras.pe\/ingles\/wp-json\/wp\/v2\/media\/5639"}],"wp:attachment":[{"href":"https:\/\/derechosinfronteras.pe\/ingles\/wp-json\/wp\/v2\/media?parent=5638"}],"wp:term":[{"taxonomy":"category","embeddable":true,"href":"https:\/\/derechosinfronteras.pe\/ingles\/wp-json\/wp\/v2\/categories?post=5638"},{"taxonomy":"post_tag","embeddable":true,"href":"https:\/\/derechosinfronteras.pe\/ingles\/wp-json\/wp\/v2\/tags?post=5638"}],"curies":[{"name":"wp","href":"https:\/\/api.w.org\/{rel}","templated":true}]}}