{"id":5640,"date":"2016-02-17T01:05:10","date_gmt":"2016-02-17T06:05:10","guid":{"rendered":"http:\/\/derechosinfronteras.pe\/?p=552"},"modified":"2016-02-17T01:05:10","modified_gmt":"2016-02-17T06:05:10","slug":"foro-publico-los-nuevos-escenarios-para-los-movimientos-sociales-en-america-latina-y-el-peru-extractivismo-criminalizacion-de-la-protesta-y-apuestas-de-cambio-social-2","status":"publish","type":"post","link":"https:\/\/derechosinfronteras.pe\/ingles\/foro-publico-los-nuevos-escenarios-para-los-movimientos-sociales-en-america-latina-y-el-peru-extractivismo-criminalizacion-de-la-protesta-y-apuestas-de-cambio-social-2\/","title":{"rendered":"Foro P\u00fablico &#8211; Los nuevos escenarios para los movimientos sociales en Am\u00e9rica Latina y el Per\u00fa: \u201cExtractivismo, criminalizaci\u00f3n de la protesta y apuestas de cambio social"},"content":{"rendered":"<div><span lang=\"NL\">Con el objetivo de promover an\u00e1lisis y reflexion <\/span><span lang=\"ES\">sobre el extractivismo como l\u00f3gica de desarrollo y de apropiaci\u00f3n de los territorios\u00a0 que se ha consolidado en el continente, y con particular fuerza en el Sur Andino del Per\u00fa. Este lunes 22 de febrero se desarrollara el Foro publico &#8211; Los nuevos escenarios para los movimientos sociales en Am\u00e9rica\u00a0\u00a0 Latina y el Per\u00fa:<\/span><\/div>\n<div>\u00a0\u201cExtractivismo, criminalizaci\u00f3n de la protesta y apuestas\u00a0\u00a0 de cambio social\u201d <span lang=\"ES\">en la Casa Campesina Tullumayo 274 (parte alta) a partir de las 4:00pm.<\/span><\/div>\n<div><\/div>\n<div><span lang=\"ES\">En estos dias el sector minero es el que se ha venido desarrollando a pasos agigantados en los \u00faltimos a\u00f1os, la actividad minera ha generado una serie de afectaciones a los territorios, cuerpos y vidas de los pueblos implicados, que ha generado una multiplicidad de conflictos, algunos de resistencia (en lo cual los pueblos optan por o defiendan otro modo de vida) y otros de convivencia (en lo cual los pueblos buscan negociar condiciones relativamente favorables para el desarrollo de las actividades).<\/span><\/div>\n<div><\/div>\n<div><span lang=\"ES\">En este contexto, la represi\u00f3n de las protestas han dejado varios muertos, y se ha incrementado la criminalizaci\u00f3n de la protesta. <\/span>Es as\u00ed que la promoci\u00f3n de la miner\u00eda en gran escala se atrinchera en pol\u00edticas, instituciones y mentalidades que visualizan el \u00abdesarrollo\u00bb como una iniciativa de arriba hacia abajo a imponer sobre las comunidades locales y el medio ambiente -la propia ant\u00edtesis de un enfoque ambientalmente adecuado centrado en la satisfacci\u00f3n de las necesidades econ\u00f3micas, sociales y culturales de los pueblos y las generaciones futuras.<\/div>\n<div><\/div>\n<div><span lang=\"NL\">Invitamos al p\u00fablico en\u00a0 general, representantes de organizaciones, gremios campesinos, colegios profesionales y representantes de las organizaciones sociales de\u00a0 base, a participar de este encuentro en el que sin duda se espera la reflexion para tan importante tema de coyuntura.<\/span><\/div>","protected":false},"excerpt":{"rendered":"<p>Con el objetivo de promover an\u00e1lisis y reflexion sobre el extractivismo como l\u00f3gica de desarrollo y de apropiaci\u00f3n de los territorios\u00a0 que se ha consolidado en el continente, y con particular fuerza en el Sur Andino del Per\u00fa. Este lunes 22 de febrero se desarrollara el Foro publico &#8211; Los nuevos escenarios para los movimientos [&hellip;]<\/p>\n","protected":false},"author":1,"featured_media":5641,"comment_status":"closed","ping_status":"open","sticky":false,"template":"","format":"standard","meta":{"_monsterinsights_skip_tracking":false,"_monsterinsights_sitenote_active":false,"_monsterinsights_sitenote_note":"","_monsterinsights_sitenote_category":0,"_jetpack_memberships_contains_paid_content":false,"footnotes":"","jetpack_publicize_message":"","jetpack_publicize_feature_enabled":true,"jetpack_social_post_already_shared":false,"jetpack_social_options":{"image_generator_settings":{"template":"highway","default_image_id":0,"font":"","enabled":false},"version":2}},"categories":[1],"tags":[],"class_list":["post-5640","post","type-post","status-publish","format-standard","has-post-thumbnail","hentry","category-sin-categoria"],"blocksy_meta":[],"jetpack_publicize_connections":[],"jetpack_featured_media_url":"https:\/\/derechosinfronteras.pe\/wp-content\/uploads\/2016\/02\/Foro.jpg","jetpack_sharing_enabled":true,"jetpack_likes_enabled":true,"_links":{"self":[{"href":"https:\/\/derechosinfronteras.pe\/ingles\/wp-json\/wp\/v2\/posts\/5640","targetHints":{"allow":["GET"]}}],"collection":[{"href":"https:\/\/derechosinfronteras.pe\/ingles\/wp-json\/wp\/v2\/posts"}],"about":[{"href":"https:\/\/derechosinfronteras.pe\/ingles\/wp-json\/wp\/v2\/types\/post"}],"author":[{"embeddable":true,"href":"https:\/\/derechosinfronteras.pe\/ingles\/wp-json\/wp\/v2\/users\/1"}],"replies":[{"embeddable":true,"href":"https:\/\/derechosinfronteras.pe\/ingles\/wp-json\/wp\/v2\/comments?post=5640"}],"version-history":[{"count":0,"href":"https:\/\/derechosinfronteras.pe\/ingles\/wp-json\/wp\/v2\/posts\/5640\/revisions"}],"wp:featuredmedia":[{"embeddable":true,"href":"https:\/\/derechosinfronteras.pe\/ingles\/wp-json\/wp\/v2\/media\/5641"}],"wp:attachment":[{"href":"https:\/\/derechosinfronteras.pe\/ingles\/wp-json\/wp\/v2\/media?parent=5640"}],"wp:term":[{"taxonomy":"category","embeddable":true,"href":"https:\/\/derechosinfronteras.pe\/ingles\/wp-json\/wp\/v2\/categories?post=5640"},{"taxonomy":"post_tag","embeddable":true,"href":"https:\/\/derechosinfronteras.pe\/ingles\/wp-json\/wp\/v2\/tags?post=5640"}],"curies":[{"name":"wp","href":"https:\/\/api.w.org\/{rel}","templated":true}]}}