{"id":5642,"date":"2016-02-10T15:26:54","date_gmt":"2016-02-10T20:26:54","guid":{"rendered":"http:\/\/derechosinfronteras.pe\/?p=475"},"modified":"2016-02-10T15:26:54","modified_gmt":"2016-02-10T20:26:54","slug":"se-realizara-planton-de-protesta-en-solidaridad-con-maxima-acuna-y-su-familia-en-lima","status":"publish","type":"post","link":"https:\/\/derechosinfronteras.pe\/ingles\/se-realizara-planton-de-protesta-en-solidaridad-con-maxima-acuna-y-su-familia-en-lima\/","title":{"rendered":"Se realizara plant\u00f3n de protesta en solidaridad con M\u00e1xima Acu\u00f1a y su familia en Lima."},"content":{"rendered":"<div class=\"separator\">La interminable batalla de M\u00e1xima Acu\u00f1a Chaupe contra la minera Yanacocha es la misma que libran miles de ciudadanos humildes y an\u00f3nimos contra la injustica y el poder. Esta vez, sin embargo, la empresa minera Yanacocha sigue pretendiendo extender el proyecto Conga sobre su propiedad.<\/div>\n<p>En lo que va de este a\u00f1o, trabajadores de la empresa minera Yanacocha han irrumpido dos veces en la propiedad de M\u00e1xima Acu\u00f1a de Chaupe, para amedrentar a su segundo hijo, Daniel, quien vive solo en su propiedad de Tragadero Grande (comunidad campesina de Sorochuco de Celend\u00edn Cajamarca), predio que Yanacocha reclama como suya.<\/p>\n<p>Esta vez, alrededor de 150 hombres ingresaron a la propiedad de la familia Chaupe Acu\u00f1a y destruyeron los cultivos de papa que Daniel iba a cosechar en dos meses.<\/p>\n<p>Por ello este 16 de febrero TODOS SOMOS M\u00c1XIMA en el planton de protesta frente a las oficinas de Yanachocha en Lima.<\/p>","protected":false},"excerpt":{"rendered":"<p>La interminable batalla de M\u00e1xima Acu\u00f1a Chaupe contra la minera Yanacocha es la misma que libran miles de ciudadanos humildes y an\u00f3nimos contra la injustica y el poder. Esta vez, sin embargo, la empresa minera Yanacocha sigue pretendiendo extender el proyecto Conga sobre su propiedad. En lo que va de este a\u00f1o, trabajadores de la [&hellip;]<\/p>\n","protected":false},"author":1,"featured_media":5643,"comment_status":"closed","ping_status":"open","sticky":false,"template":"","format":"standard","meta":{"_monsterinsights_skip_tracking":false,"_monsterinsights_sitenote_active":false,"_monsterinsights_sitenote_note":"","_monsterinsights_sitenote_category":0,"_jetpack_memberships_contains_paid_content":false,"footnotes":"","jetpack_publicize_message":"","jetpack_publicize_feature_enabled":true,"jetpack_social_post_already_shared":false,"jetpack_social_options":{"image_generator_settings":{"template":"highway","default_image_id":0,"font":"","enabled":false},"version":2}},"categories":[1],"tags":[],"class_list":["post-5642","post","type-post","status-publish","format-standard","has-post-thumbnail","hentry","category-sin-categoria"],"blocksy_meta":[],"jetpack_publicize_connections":[],"jetpack_featured_media_url":"https:\/\/derechosinfronteras.pe\/wp-content\/uploads\/2016\/02\/maxima.png","jetpack_sharing_enabled":true,"jetpack_likes_enabled":true,"_links":{"self":[{"href":"https:\/\/derechosinfronteras.pe\/ingles\/wp-json\/wp\/v2\/posts\/5642","targetHints":{"allow":["GET"]}}],"collection":[{"href":"https:\/\/derechosinfronteras.pe\/ingles\/wp-json\/wp\/v2\/posts"}],"about":[{"href":"https:\/\/derechosinfronteras.pe\/ingles\/wp-json\/wp\/v2\/types\/post"}],"author":[{"embeddable":true,"href":"https:\/\/derechosinfronteras.pe\/ingles\/wp-json\/wp\/v2\/users\/1"}],"replies":[{"embeddable":true,"href":"https:\/\/derechosinfronteras.pe\/ingles\/wp-json\/wp\/v2\/comments?post=5642"}],"version-history":[{"count":0,"href":"https:\/\/derechosinfronteras.pe\/ingles\/wp-json\/wp\/v2\/posts\/5642\/revisions"}],"wp:featuredmedia":[{"embeddable":true,"href":"https:\/\/derechosinfronteras.pe\/ingles\/wp-json\/wp\/v2\/media\/5643"}],"wp:attachment":[{"href":"https:\/\/derechosinfronteras.pe\/ingles\/wp-json\/wp\/v2\/media?parent=5642"}],"wp:term":[{"taxonomy":"category","embeddable":true,"href":"https:\/\/derechosinfronteras.pe\/ingles\/wp-json\/wp\/v2\/categories?post=5642"},{"taxonomy":"post_tag","embeddable":true,"href":"https:\/\/derechosinfronteras.pe\/ingles\/wp-json\/wp\/v2\/tags?post=5642"}],"curies":[{"name":"wp","href":"https:\/\/api.w.org\/{rel}","templated":true}]}}