{"id":5644,"date":"2016-02-10T09:37:16","date_gmt":"2016-02-10T14:37:16","guid":{"rendered":"http:\/\/derechosinfronteras.pe\/?p=620"},"modified":"2016-02-10T09:37:16","modified_gmt":"2016-02-10T14:37:16","slug":"agenda-contra-la-desigualdad-cinco-temas-criticos-para-cerrar-las-brechas","status":"publish","type":"post","link":"https:\/\/derechosinfronteras.pe\/ingles\/agenda-contra-la-desigualdad-cinco-temas-criticos-para-cerrar-las-brechas\/","title":{"rendered":"Lanzan petici\u00f3n a candidatos para que se comprometan a fortalecer instituciones medioambientales"},"content":{"rendered":"<p>OXFAM en Per\u00fa lanz\u00f3 una petici\u00f3n digital para que todos los peruanos y peruanas pidan a los candidatos\/as que defiendan nuestro medio ambiente, a trav\u00e9s del fortalecimiento de las instituciones medioambientales del Estado. De igual modo, este petitorio exige una mejor implementaci\u00f3n y cumplimiento de la Ley del derecho a la consulta previa de los pueblos ind\u00edgenas, quienes son los m\u00e1s afectados con la debilidad de la fiscalizaci\u00f3n ambiental que ejerce Estado, en favor de la inversi\u00f3n.<\/p>\n<p>\u201cPedimos a los candidatos y candidatas a la presidencia y congreso de la rep\u00fablica del Per\u00fa que se comprometan a fortalecer y mejorar la implementaci\u00f3n del derecho a la consulta previa de los pueblos ind\u00edgenas; y a fortalecer el Ministerio del Ambiente, Organismo de Evaluaci\u00f3n y Fiscalizaci\u00f3n Ambiental (OEFA) y el Servicio Nacional de Certificaci\u00f3n Ambiental (SENACE) y el Ministerio de Cultura, como bases fundamentales de la institucionalidad medioambiental\u201d, es uno de los principales pedidos ciudadanos.<\/p>\n<p>Asimismo, la petici\u00f3n de la ciudadan\u00eda insta a la reflexi\u00f3n a los partidos pol\u00edticos en contienda, sobre las muertes causadas por los estallidos de conflictos sociales que se suscitan por la lucha por el uso y control de nuestros recursos naturales. Es por ello, que la petici\u00f3n contempla la protecci\u00f3n del derecho a consulta previa, libre e informada, as\u00ed como anteponer las personas, antes que a la econom\u00eda.<\/p>\n<p>\u00abNos preocupan las constantes presiones de algunos intereses econ\u00f3micos por eliminar la consulta previa; y por los graves impactos que tienen ciertas leyes \u201cpro-inversi\u00f3n\u201d, debilitando las instituciones medioambientales. Mientras muchos gobiernos mejoran sus pol\u00edticas ambientales, el Per\u00fa va en sentido contrario\u00bb, indica parte de la carta.<\/p>\n<p>En ese sentido, la iniciativa de OXFAM y de la ciudadan\u00eda firmante, tambi\u00e9n llama a la reflexi\u00f3n acerca de la presi\u00f3n que el gobierno recibe por parte de las +empresas miner\u00edas, petroleras y agronegocios que por buscar mayores mercados para explotar, exigen reducir los controles socio-ambientales, afectando nuestros derechos para proteger nuestros territorios y formas de vida.<\/p>\n<p>Ello se refleja en la promulgaci\u00f3n de leyes \u201cpro-inversi\u00f3n\u201d, conocidas como \u201cpaquetazos ambientales\u201d.<\/p>\n<p>\u201cEl Per\u00fa no puede ir para atr\u00e1s cuando muchos pa\u00edses avanzan en sus pol\u00edticas para defender su medio ambiente. No queremos crecimiento econ\u00f3mico a costa de nuestros r\u00edos, biodiversidad, alimentos, e incluso nuestra salud. Fortalezcamos el cumplimiento de las normas e instituciones ambientales y de Consulta Previa para poder seguir creciendo en una sociedad equitativa, sostenible e inclusiva\u201d, se exhorta a los candidatos y a los votantes.<\/p>\n<p>OXFAM Per\u00fa y RED MUQUI te invita a firma ahora y compartir la iniciativa con tus contactos:<\/p>\n<p>https:\/\/act.oxfam.org\/peru\/defendamos-nuestro-medioambiente.<\/p>\n<p>Fuente: Red Muqui.<\/p>","protected":false},"excerpt":{"rendered":"<p>OXFAM en Per\u00fa lanz\u00f3 una petici\u00f3n digital para que todos los peruanos y peruanas pidan a los candidatos\/as que defiendan nuestro medio ambiente, a trav\u00e9s del fortalecimiento de las instituciones medioambientales del Estado. De igual modo, este petitorio exige una mejor implementaci\u00f3n y cumplimiento de la Ley del derecho a la consulta previa de los [&hellip;]<\/p>\n","protected":false},"author":1,"featured_media":5645,"comment_status":"closed","ping_status":"open","sticky":false,"template":"","format":"standard","meta":{"_monsterinsights_skip_tracking":false,"_monsterinsights_sitenote_active":false,"_monsterinsights_sitenote_note":"","_monsterinsights_sitenote_category":0,"_jetpack_memberships_contains_paid_content":false,"footnotes":"","jetpack_publicize_message":"","jetpack_publicize_feature_enabled":true,"jetpack_social_post_already_shared":false,"jetpack_social_options":{"image_generator_settings":{"template":"highway","default_image_id":0,"font":"","enabled":false},"version":2}},"categories":[1],"tags":[],"class_list":["post-5644","post","type-post","status-publish","format-standard","has-post-thumbnail","hentry","category-sin-categoria"],"blocksy_meta":[],"jetpack_publicize_connections":[],"jetpack_featured_media_url":"https:\/\/derechosinfronteras.pe\/wp-content\/uploads\/2016\/02\/Peticion.jpg","jetpack_sharing_enabled":true,"jetpack_likes_enabled":true,"_links":{"self":[{"href":"https:\/\/derechosinfronteras.pe\/ingles\/wp-json\/wp\/v2\/posts\/5644","targetHints":{"allow":["GET"]}}],"collection":[{"href":"https:\/\/derechosinfronteras.pe\/ingles\/wp-json\/wp\/v2\/posts"}],"about":[{"href":"https:\/\/derechosinfronteras.pe\/ingles\/wp-json\/wp\/v2\/types\/post"}],"author":[{"embeddable":true,"href":"https:\/\/derechosinfronteras.pe\/ingles\/wp-json\/wp\/v2\/users\/1"}],"replies":[{"embeddable":true,"href":"https:\/\/derechosinfronteras.pe\/ingles\/wp-json\/wp\/v2\/comments?post=5644"}],"version-history":[{"count":0,"href":"https:\/\/derechosinfronteras.pe\/ingles\/wp-json\/wp\/v2\/posts\/5644\/revisions"}],"wp:featuredmedia":[{"embeddable":true,"href":"https:\/\/derechosinfronteras.pe\/ingles\/wp-json\/wp\/v2\/media\/5645"}],"wp:attachment":[{"href":"https:\/\/derechosinfronteras.pe\/ingles\/wp-json\/wp\/v2\/media?parent=5644"}],"wp:term":[{"taxonomy":"category","embeddable":true,"href":"https:\/\/derechosinfronteras.pe\/ingles\/wp-json\/wp\/v2\/categories?post=5644"},{"taxonomy":"post_tag","embeddable":true,"href":"https:\/\/derechosinfronteras.pe\/ingles\/wp-json\/wp\/v2\/tags?post=5644"}],"curies":[{"name":"wp","href":"https:\/\/api.w.org\/{rel}","templated":true}]}}