{"id":5646,"date":"2016-02-09T15:12:27","date_gmt":"2016-02-09T20:12:27","guid":{"rendered":"http:\/\/derechosinfronteras.pe\/?p=472"},"modified":"2016-02-09T15:12:27","modified_gmt":"2016-02-09T20:12:27","slug":"se-organiza-conversatorio-sobre-la-nueva-ley-de-expropiaciones-decreto-legislativo-1192","status":"publish","type":"post","link":"https:\/\/derechosinfronteras.pe\/ingles\/se-organiza-conversatorio-sobre-la-nueva-ley-de-expropiaciones-decreto-legislativo-1192\/","title":{"rendered":"Se organiza conversatorio sobre la nueva Ley de Expropiaciones &#8211; Decreto Legislativo 1192"},"content":{"rendered":"<div>La \u00a0Plataforma \u00a0para \u00a0la \u00a0Gobernanza \u00a0Responsable \u00a0de \u00a0la \u00a0Tierra \u00a0y \u00a0el \u00a0Colectivo Territorios Seguros para las Comunidades del Per\u00fa organizan el conversatorio \u00a0\u201c La \u00a0Constitucionalidad \u00a0y \u00a0legalidad \u00a0 del \u00a0 Decreto \u00a0Legislativo \u00a01192 \u00a0&#8211; \u00a0Nueva \u00a0Ley \u00a0de \u00a0adquisiciones \u00a0y \u00a0expropiaciones\u201d.<\/div>\n<div>\n<p>Este conversatorio se realizar\u00e1 en la segunda semana de febrero y congregar\u00e1 a representantes de gremios agrarios, sociedad civil e instituciones educativas interesados en la problem\u00e1tica de la tenencia de la tierra y el territorio.<\/p>\n<p>El objetivo de este conversatorio es promover un debate informado sobre el contenido del Decreto Legislativo 1192 y sus implicancias respecto a los derechos a la tierra y el territorio de las comunidades campesinas y comunidades nativas del pa\u00eds.<\/p>\n<p>Las ponencias de este evento estar\u00e1n a cargo de Mart\u00edn Mejorada Chauca, especialista en Derecho Civil y Abraham Garc\u00eda Ch\u00e1varri, especialista en Derecho Constitucional, ambos profesores de la Facultad de Derecho de la Pontificia Universidad Cat\u00f3lica del Per\u00fa. Del mismo modo, contaremos con las intervenciones de Laureano del Castillo, director ejecutivo del Centro Peruano de Estudios Sociales (CEPES) y Richard Smith, director del Instituto del Bien Com\u00fan (IBC), voceros de la Plataforma para la Gobernanza Responsable de la Tierra y del Colectivo Territorios Seguros para las Comunidades del Per\u00fa.<\/p>\n<\/div>","protected":false},"excerpt":{"rendered":"<p>La \u00a0Plataforma \u00a0para \u00a0la \u00a0Gobernanza \u00a0Responsable \u00a0de \u00a0la \u00a0Tierra \u00a0y \u00a0el \u00a0Colectivo Territorios Seguros para las Comunidades del Per\u00fa organizan el conversatorio \u00a0\u201c La \u00a0Constitucionalidad \u00a0y \u00a0legalidad \u00a0 del \u00a0 Decreto \u00a0Legislativo \u00a01192 \u00a0&#8211; \u00a0Nueva \u00a0Ley \u00a0de \u00a0adquisiciones \u00a0y \u00a0expropiaciones\u201d. Este conversatorio se realizar\u00e1 en la segunda semana de febrero y congregar\u00e1 a representantes de [&hellip;]<\/p>\n","protected":false},"author":1,"featured_media":5647,"comment_status":"closed","ping_status":"open","sticky":false,"template":"","format":"standard","meta":{"_monsterinsights_skip_tracking":false,"_monsterinsights_sitenote_active":false,"_monsterinsights_sitenote_note":"","_monsterinsights_sitenote_category":0,"_jetpack_memberships_contains_paid_content":false,"footnotes":"","jetpack_publicize_message":"","jetpack_publicize_feature_enabled":true,"jetpack_social_post_already_shared":false,"jetpack_social_options":{"image_generator_settings":{"template":"highway","default_image_id":0,"font":"","enabled":false},"version":2}},"categories":[1],"tags":[],"class_list":["post-5646","post","type-post","status-publish","format-standard","has-post-thumbnail","hentry","category-sin-categoria"],"blocksy_meta":[],"jetpack_publicize_connections":[],"jetpack_featured_media_url":"https:\/\/derechosinfronteras.pe\/wp-content\/uploads\/2016\/02\/evento.png","jetpack_sharing_enabled":true,"jetpack_likes_enabled":true,"_links":{"self":[{"href":"https:\/\/derechosinfronteras.pe\/ingles\/wp-json\/wp\/v2\/posts\/5646","targetHints":{"allow":["GET"]}}],"collection":[{"href":"https:\/\/derechosinfronteras.pe\/ingles\/wp-json\/wp\/v2\/posts"}],"about":[{"href":"https:\/\/derechosinfronteras.pe\/ingles\/wp-json\/wp\/v2\/types\/post"}],"author":[{"embeddable":true,"href":"https:\/\/derechosinfronteras.pe\/ingles\/wp-json\/wp\/v2\/users\/1"}],"replies":[{"embeddable":true,"href":"https:\/\/derechosinfronteras.pe\/ingles\/wp-json\/wp\/v2\/comments?post=5646"}],"version-history":[{"count":0,"href":"https:\/\/derechosinfronteras.pe\/ingles\/wp-json\/wp\/v2\/posts\/5646\/revisions"}],"wp:featuredmedia":[{"embeddable":true,"href":"https:\/\/derechosinfronteras.pe\/ingles\/wp-json\/wp\/v2\/media\/5647"}],"wp:attachment":[{"href":"https:\/\/derechosinfronteras.pe\/ingles\/wp-json\/wp\/v2\/media?parent=5646"}],"wp:term":[{"taxonomy":"category","embeddable":true,"href":"https:\/\/derechosinfronteras.pe\/ingles\/wp-json\/wp\/v2\/categories?post=5646"},{"taxonomy":"post_tag","embeddable":true,"href":"https:\/\/derechosinfronteras.pe\/ingles\/wp-json\/wp\/v2\/tags?post=5646"}],"curies":[{"name":"wp","href":"https:\/\/api.w.org\/{rel}","templated":true}]}}