{"id":5652,"date":"2016-02-03T08:43:35","date_gmt":"2016-02-03T13:43:35","guid":{"rendered":"http:\/\/derechosinfronteras.pe\/?p=441"},"modified":"2016-02-03T08:43:35","modified_gmt":"2016-02-03T13:43:35","slug":"declaracion-ambiental-de-huancavelica-por-un-desarrollo-sostenible-con-respeto-a-la-pachamama","status":"publish","type":"post","link":"https:\/\/derechosinfronteras.pe\/ingles\/declaracion-ambiental-de-huancavelica-por-un-desarrollo-sostenible-con-respeto-a-la-pachamama\/","title":{"rendered":"Declaracion Ambiental de Huancavelica &#8211; \u201cPor un desarrollo sostenible con respeto a la Pachamama\u201d"},"content":{"rendered":"<p>Los representantes de instituciones p\u00fablicas y de la sociedad civil de las regiones de Huancavelica, Ayacucho y Cusco, reunidos el d\u00eda 26 de enero del presente a\u00f1o en la ciudad de Huancavelica en el Foro Regional \u201cBuenas pr\u00e1cticas de gesti\u00f3n ambiental participativa\u201d, organizado por el Programa \u201cSumaq Llaqta\u201d, que ejecutan la Asociaciones Madre Coraje, Sicra y Salud Sin L\u00edmites en la provincia de Angaraes, nos dirigimos a la opini\u00f3n p\u00fablica para manifestar lo siguiente:<\/p>\n<p>Nuestro pa\u00eds y los pueblos ubicados en la regi\u00f3n Andina nos encontramos atravesando un complejo contexto caracterizado por conflictos socioambientales originados por la presencia de actividades extractivas, por la creciente exigencia de las comunidades campesinas de respeto a sus derechos integrales, por el deterioro de los recursos naturales\u00a0 sobre todo del agua, y todo ello en el marco del agudizamiento de la crisis ambiental y el cambio clim\u00e1tico.<\/p>\n<p>&nbsp;<\/p>\n<p>En este Foro Regional hemos reflexionado y compartido los esfuerzos que diversas instituciones promotoras de desarrollo vienen impulsando desde la sociedad civil conjuntamente con las comunidades campesinas, que se traducen en experiencias que rescatan la sabidur\u00eda andina y el respeto por la Pachamama, y que contribuyen a mejorar la gesti\u00f3n ambiental y el uso sostenible y racional de nuestros recursos naturales.<\/p>\n<p>&nbsp;<\/p>\n<p>Conocemos que desde los gobiernos locales y regionales tambi\u00e9n se vienen haciendo esfuerzos en favor de mejorar la gesti\u00f3n ambiental, coordinando con instituciones y organizaciones sociales, aunque somos conscientes que estos esfuerzos son a\u00fan insuficientes, considerando la gravedad de los problemas ambientales.<\/p>\n<p>&nbsp;<\/p>\n<p>Frente a la problem\u00e1tica y a los retos que nos plantea la situaci\u00f3n ambiental, nos comprometemos a seguir impulsando y reforzando nuestras experiencias para mejorar la gesti\u00f3n ambiental y la defensa de los recursos naturales, como base para el desarrollo sostenible de las familias y comunidades campesinas, y de nuestros pueblos en general.<\/p>\n<p>&nbsp;<\/p>\n<p>Proponemos a nuestras autoridades nacionales y regionales que desplieguen todos los esfuerzos necesarios para gestionar los recursos naturales de manera racional, responsable y sostenible, y que reconozcan que muchas de las experiencias de gesti\u00f3n ambiental participativa que venimos impulsando en la regi\u00f3n Andina, constituyen una base real para convertirlas en pol\u00edticas p\u00fablicas que garanticen un desarrollo integral humano y sostenible.<\/p>\n<p>&nbsp;<\/p>\n<p>La gesti\u00f3n ambiental y el uso racional de los recursos naturales son una exigencia impostergable para el futuro de nuestro planeta; garantizar el porvenir de las nuevas generaciones es un deber y un compromiso \u00e9tico de quienes todav\u00eda podemos gozar de las bondades de nuestra Pachamama.<\/p>\n<p>&nbsp;<\/p>\n<p>En esta tarea estamos comprometidos todos, pues no hay lugar para indiferencia; este Foro Regional Ambiental es un esfuerzo para renovar nuestro compromiso con la Pachamama, y Huancavelica, que hoy nos cobija, un lugar privilegiado para lanzar este pronunciamiento en defensa de la vida.<\/p>\n<p>&nbsp;<\/p>\n<p>Huancavelica, 26 de enero del 2016<\/p>\n<p>&nbsp;<\/p>\n<p>Firman:<\/p>\n<p>&#8211;\u00a0\u00a0\u00a0\u00a0\u00a0\u00a0\u00a0 Cedep Ayllu \u2013 Cusco.<\/p>\n<p>&#8211;\u00a0\u00a0\u00a0\u00a0\u00a0\u00a0\u00a0 Derechos Humanos sin Fronteras \u2013 Cusco.<\/p>\n<p>&#8211;\u00a0\u00a0\u00a0\u00a0\u00a0\u00a0\u00a0 Federaci\u00f3n Departamental de Comunidades Campesinas de Huancavelica \u2013 FEDECCH.<\/p>\n<p>&#8211;\u00a0\u00a0\u00a0\u00a0\u00a0\u00a0\u00a0 Asociaci\u00f3n de Kamayok de Pataypampa \u2013 Grau \u2013 Apur\u00edmac.<\/p>\n<p>&#8211;\u00a0\u00a0\u00a0\u00a0\u00a0\u00a0\u00a0 Comit\u00e9s de Vigilancia de G\u00e9nero de las microcuencas Sicra y Atuna \u2013 Angaraes.<\/p>\n<p>&#8211;\u00a0\u00a0\u00a0\u00a0\u00a0\u00a0\u00a0 Cepes \u2013 Huancavelica.<\/p>\n<p>&#8211;\u00a0\u00a0\u00a0\u00a0\u00a0\u00a0\u00a0 Gerencia de Recursos Naturales y Gesti\u00f3n Ambiental \u2013 GR Huancavelica.<\/p>\n<p>&#8211;\u00a0\u00a0\u00a0\u00a0\u00a0\u00a0\u00a0 Mesa de Concertaci\u00f3n del distrito de Congalla \u2013 Angaraes \u2013 Huancavelica.<\/p>\n<p>&#8211;\u00a0\u00a0\u00a0\u00a0\u00a0\u00a0\u00a0 Municipalidad Distrital de Yauli \u2013 Huancavelica.<\/p>\n<p>&#8211;\u00a0\u00a0\u00a0\u00a0\u00a0\u00a0\u00a0 Direcci\u00f3n Regional de Vivienda, Construcci\u00f3n y Saneamiento de Huancavelica.<\/p>\n<p>&#8211;\u00a0\u00a0\u00a0\u00a0\u00a0\u00a0\u00a0 Municipalidad Provincial de Tayacaja \u2013 Huancavelica.<\/p>\n<p>&#8211;\u00a0\u00a0\u00a0\u00a0\u00a0\u00a0\u00a0 Direcci\u00f3n Regional de Cam\u00e9lidos Sudamericanos \u2013 GR Huancavelica.<\/p>\n<p>&#8211;\u00a0\u00a0\u00a0\u00a0\u00a0\u00a0\u00a0 Frente de Defensa por los Intereses de Secclla \u2013 Angaraes \u2013 Huancavelica.<\/p>\n<p>&#8211;\u00a0\u00a0\u00a0\u00a0\u00a0\u00a0\u00a0 Asociaci\u00f3n Sicra \u2013 Angaraes \u2013 Huancavelica.<\/p>\n<p>&#8211;\u00a0\u00a0\u00a0\u00a0\u00a0\u00a0\u00a0 Asociaci\u00f3n Madre Coraje.<\/p>\n<p>&#8211;\u00a0\u00a0\u00a0\u00a0\u00a0\u00a0\u00a0 Asociaci\u00f3n Salud Sin L\u00edmites.<\/p>\n<p>&#8211;\u00a0\u00a0\u00a0\u00a0\u00a0\u00a0\u00a0 Aprodeh Apur\u00edmac.<\/p>\n<p>&#8211;\u00a0\u00a0\u00a0\u00a0\u00a0\u00a0\u00a0 Tarpurisunchis \u2013Apur\u00edmac.<\/p>\n<p>&#8211;\u00a0\u00a0\u00a0\u00a0\u00a0\u00a0\u00a0 Ceproder \u2013 Apur\u00edmac.<\/p>\n<p>&#8211;\u00a0\u00a0\u00a0\u00a0\u00a0\u00a0\u00a0 Copyme \u2013 Apur\u00edmac.<\/p>\n<p>&#8211;\u00a0\u00a0\u00a0\u00a0\u00a0\u00a0\u00a0 Sumaq Yachay \u2013 Huancavelica.<\/p>\n<p>&#8211;\u00a0\u00a0\u00a0\u00a0\u00a0\u00a0\u00a0 Red de Regidoras y Mujeres Autoridades de Angaraes \u2013 REDREPA- Huancavelica.<\/p>\n<p>&#8211;\u00a0\u00a0\u00a0\u00a0\u00a0\u00a0\u00a0 Asociaci\u00f3n Bartolom\u00e9 Aripaylla \u2013 ABA Ayacucho.<\/p>\n<p>&#8211;\u00a0\u00a0\u00a0\u00a0\u00a0\u00a0\u00a0 Tierra de Ni\u00f1os \u2013 Huancavelica.<\/p>","protected":false},"excerpt":{"rendered":"<p>Los representantes de instituciones p\u00fablicas y de la sociedad civil de las regiones de Huancavelica, Ayacucho y Cusco, reunidos el d\u00eda 26 de enero del presente a\u00f1o en la ciudad de Huancavelica en el Foro Regional \u201cBuenas pr\u00e1cticas de gesti\u00f3n ambiental participativa\u201d, organizado por el Programa \u201cSumaq Llaqta\u201d, que ejecutan la Asociaciones Madre Coraje, Sicra [&hellip;]<\/p>\n","protected":false},"author":1,"featured_media":5653,"comment_status":"closed","ping_status":"open","sticky":false,"template":"","format":"standard","meta":{"_monsterinsights_skip_tracking":false,"_monsterinsights_sitenote_active":false,"_monsterinsights_sitenote_note":"","_monsterinsights_sitenote_category":0,"_jetpack_memberships_contains_paid_content":false,"footnotes":"","jetpack_publicize_message":"","jetpack_publicize_feature_enabled":true,"jetpack_social_post_already_shared":false,"jetpack_social_options":{"image_generator_settings":{"template":"highway","default_image_id":0,"font":"","enabled":false},"version":2}},"categories":[1],"tags":[],"class_list":["post-5652","post","type-post","status-publish","format-standard","has-post-thumbnail","hentry","category-sin-categoria"],"blocksy_meta":[],"jetpack_publicize_connections":[],"jetpack_featured_media_url":"https:\/\/derechosinfronteras.pe\/wp-content\/uploads\/2016\/02\/cerro-e1494272706880.jpg","jetpack_sharing_enabled":true,"jetpack_likes_enabled":true,"_links":{"self":[{"href":"https:\/\/derechosinfronteras.pe\/ingles\/wp-json\/wp\/v2\/posts\/5652","targetHints":{"allow":["GET"]}}],"collection":[{"href":"https:\/\/derechosinfronteras.pe\/ingles\/wp-json\/wp\/v2\/posts"}],"about":[{"href":"https:\/\/derechosinfronteras.pe\/ingles\/wp-json\/wp\/v2\/types\/post"}],"author":[{"embeddable":true,"href":"https:\/\/derechosinfronteras.pe\/ingles\/wp-json\/wp\/v2\/users\/1"}],"replies":[{"embeddable":true,"href":"https:\/\/derechosinfronteras.pe\/ingles\/wp-json\/wp\/v2\/comments?post=5652"}],"version-history":[{"count":0,"href":"https:\/\/derechosinfronteras.pe\/ingles\/wp-json\/wp\/v2\/posts\/5652\/revisions"}],"wp:featuredmedia":[{"embeddable":true,"href":"https:\/\/derechosinfronteras.pe\/ingles\/wp-json\/wp\/v2\/media\/5653"}],"wp:attachment":[{"href":"https:\/\/derechosinfronteras.pe\/ingles\/wp-json\/wp\/v2\/media?parent=5652"}],"wp:term":[{"taxonomy":"category","embeddable":true,"href":"https:\/\/derechosinfronteras.pe\/ingles\/wp-json\/wp\/v2\/categories?post=5652"},{"taxonomy":"post_tag","embeddable":true,"href":"https:\/\/derechosinfronteras.pe\/ingles\/wp-json\/wp\/v2\/tags?post=5652"}],"curies":[{"name":"wp","href":"https:\/\/api.w.org\/{rel}","templated":true}]}}