{"id":5654,"date":"2016-02-02T15:47:42","date_gmt":"2016-02-02T20:47:42","guid":{"rendered":"http:\/\/derechosinfronteras.pe\/?p=478"},"modified":"2016-02-02T15:47:42","modified_gmt":"2016-02-02T20:47:42","slug":"falta-de-seguridad-juridica-en-territorios-y-consulta-previa-siguen-siendo-los-temas-mas-urgentes-de-pueblos-indigenas","status":"publish","type":"post","link":"https:\/\/derechosinfronteras.pe\/ingles\/falta-de-seguridad-juridica-en-territorios-y-consulta-previa-siguen-siendo-los-temas-mas-urgentes-de-pueblos-indigenas\/","title":{"rendered":"Falta de seguridad jur\u00eddica en territorios y consulta previa siguen siendo los temas m\u00e1s urgentes de Pueblos Ind\u00edgenas"},"content":{"rendered":"<p><em>\u00b7 Informe anual sobre comunidades ind\u00edgenas que la Sociedad Civil env\u00eda a la OIT.<\/em><\/p>\n<p>\u00b7 Partidos pol\u00edticos fueron informados sobre agenda ind\u00edgena pendiente.<\/p>\n<p>\u00b7 Otros temas son criminalizaci\u00f3n de la protesta, cambio clim\u00e1tico, salud y educaci\u00f3n intercultural y mujer ind\u00edgena.<\/p>\n<p>La necesidad de saneamiento f\u00edsico legal y titulaci\u00f3n de las tierras, as\u00ed como la efectiva aplicaci\u00f3n de la \u202aConsulta Previa en comunidades campesinas y nativas, siguen siendo pendientes y de cumplimiento por parte del Estado, as\u00ed lo indica la \u00faltima versi\u00f3n del Informe Alternativo 2015 sobre el cumplimiento del Convenio 169 de la OIT.<\/p>\n<p>Por octavo a\u00f1o consecutivo, las Organizaciones Ind\u00edgenas Nacionales del Per\u00fa, con el apoyo del Grupo de Trabajo sobre Pueblos Ind\u00edgenas de la Coordinadora Nacional de Derechos Humanos (al que pertenece RED MQUI) han recopilado este reporte incluye eventos, procesos y desarrollos jur\u00eddicos que han tenido lugar entre julio de 2013 y junio de 2015.<\/p>\n<p>El documento de 90 p\u00e1ginas forma parte del informe que se env\u00eda a la Comisi\u00f3n de Expertos en Aplicaci\u00f3n de Convenios y Recomendaciones (CEACR) de la OIT, que revisa el grado de cumplimiento de los convenios internacionales del trabajo. En esta ocasi\u00f3n tambi\u00e9n fue presentado y entregado a los representantes de partidos pol\u00edticos quienes tambi\u00e9n hablaron de su propuestas de gobierno.<\/p>\n<p>En ese sentido, Jorge Bracamonte, director ejecutivo de la CNDDHH, remarc\u00f3 el objetivo de tener un di\u00e1logo profundo sobre lo que cada agrupaci\u00f3n har\u00e1, de llegar a gobernar.<\/p>\n<p>La presentaci\u00f3n del informe comenz\u00f3 con la exposici\u00f3n de la agenda ind\u00edgena nacional a cargo de Ketty Macedo, presidente del Pacto de Unidad (que agrupa a la mayor\u00eda de organizaciones ind\u00edgenas del Per\u00fa).<\/p>\n<p>Luego, la presentaci\u00f3n de los temas sobre derechos pendientes y de mayor vulneraci\u00f3n en el a\u00f1o 2015, estuvo a cargo de Javier Jahncke (Secretario Ejecutivo de la RED MUQUI), Richard Smith (Director Ejecutivo del Instituto del Bien Com\u00fan) y Richard O\u2019Diana (Abogado del\u00a0 Centro Amaz\u00f3nico de Antropolog\u00eda y Aplicaci\u00f3n Pr\u00e1ctica \u2013 CAAAP).<\/p>\n<p>Al referirse a consulta previa en miner\u00eda, Javier Jahncke, se\u00f1al\u00f3 que hasta la fecha solo hay tres procesos culminados (Apur\u00edmac, Cusco y Ancash), los cuales se han dado en la etapa final de aprobaci\u00f3n de los proyectos. En ese sentido el representante de la RED MUQUI recalc\u00f3 que el Ministerio de Energ\u00eda y Minas (MEM) reci\u00e9n realiza la consulta, de manera informativa, y en la etapa de la resoluci\u00f3n de inicio de actividades.<\/p>\n<p>Por su parte, Richard Smith se refiri\u00f3 como es que los textos de las leyes (30230 Y 30327) han ido cambiando en desmedro de la territorialidad de las comunidades ind\u00edgenas en el Per\u00fa. Smith explica c\u00f3mo es que, a trav\u00e9s de decretos supremos, el gobierno de Ollanta Humala ha venido invisibilizando a los pueblos ind\u00edgenas, a lo que se suma la falta de una cifra oficial de n\u00famero de comunidades y titulaci\u00f3n de tierras.<\/p>\n<p>A su turno, Richard O\u2019Diana se\u00f1al\u00f3 que no basta con que el Gobierno diga que existen 21 procesos de consulta previa culminados, de un total de 30 iniciados, ya que estos han concluido sus procesos de di\u00e1logo, pero \u00abno han culminado oficialmente, la consulta termina con la promulgaci\u00f3n de una medida, una medida que es la que se consulta\u00bb, precis\u00f3.<\/p>","protected":false},"excerpt":{"rendered":"<p>\u00b7 Informe anual sobre comunidades ind\u00edgenas que la Sociedad Civil env\u00eda a la OIT. \u00b7 Partidos pol\u00edticos fueron informados sobre agenda ind\u00edgena pendiente. \u00b7 Otros temas son criminalizaci\u00f3n de la protesta, cambio clim\u00e1tico, salud y educaci\u00f3n intercultural y mujer ind\u00edgena. La necesidad de saneamiento f\u00edsico legal y titulaci\u00f3n de las tierras, as\u00ed como la efectiva [&hellip;]<\/p>\n","protected":false},"author":1,"featured_media":5655,"comment_status":"closed","ping_status":"open","sticky":false,"template":"","format":"standard","meta":{"_monsterinsights_skip_tracking":false,"_monsterinsights_sitenote_active":false,"_monsterinsights_sitenote_note":"","_monsterinsights_sitenote_category":0,"_jetpack_memberships_contains_paid_content":false,"footnotes":"","jetpack_publicize_message":"","jetpack_publicize_feature_enabled":true,"jetpack_social_post_already_shared":false,"jetpack_social_options":{"image_generator_settings":{"template":"highway","default_image_id":0,"font":"","enabled":false},"version":2}},"categories":[1],"tags":[],"class_list":["post-5654","post","type-post","status-publish","format-standard","has-post-thumbnail","hentry","category-sin-categoria"],"blocksy_meta":[],"jetpack_publicize_connections":[],"jetpack_featured_media_url":"https:\/\/derechosinfronteras.pe\/wp-content\/uploads\/2016\/02\/informe2015caratula.jpg","jetpack_sharing_enabled":true,"jetpack_likes_enabled":true,"_links":{"self":[{"href":"https:\/\/derechosinfronteras.pe\/ingles\/wp-json\/wp\/v2\/posts\/5654","targetHints":{"allow":["GET"]}}],"collection":[{"href":"https:\/\/derechosinfronteras.pe\/ingles\/wp-json\/wp\/v2\/posts"}],"about":[{"href":"https:\/\/derechosinfronteras.pe\/ingles\/wp-json\/wp\/v2\/types\/post"}],"author":[{"embeddable":true,"href":"https:\/\/derechosinfronteras.pe\/ingles\/wp-json\/wp\/v2\/users\/1"}],"replies":[{"embeddable":true,"href":"https:\/\/derechosinfronteras.pe\/ingles\/wp-json\/wp\/v2\/comments?post=5654"}],"version-history":[{"count":0,"href":"https:\/\/derechosinfronteras.pe\/ingles\/wp-json\/wp\/v2\/posts\/5654\/revisions"}],"wp:featuredmedia":[{"embeddable":true,"href":"https:\/\/derechosinfronteras.pe\/ingles\/wp-json\/wp\/v2\/media\/5655"}],"wp:attachment":[{"href":"https:\/\/derechosinfronteras.pe\/ingles\/wp-json\/wp\/v2\/media?parent=5654"}],"wp:term":[{"taxonomy":"category","embeddable":true,"href":"https:\/\/derechosinfronteras.pe\/ingles\/wp-json\/wp\/v2\/categories?post=5654"},{"taxonomy":"post_tag","embeddable":true,"href":"https:\/\/derechosinfronteras.pe\/ingles\/wp-json\/wp\/v2\/tags?post=5654"}],"curies":[{"name":"wp","href":"https:\/\/api.w.org\/{rel}","templated":true}]}}