{"id":5656,"date":"2016-02-01T12:32:07","date_gmt":"2016-02-01T17:32:07","guid":{"rendered":"http:\/\/derechosinfronteras.pe\/?p=647"},"modified":"2016-02-01T12:32:07","modified_gmt":"2016-02-01T17:32:07","slug":"chumbivilcas-tras-paro-de-72-horas-pobladores-de-velille-iniciaran-dialogo-el-17-de-febrero-con-representantes-de-minera-hudbay","status":"publish","type":"post","link":"https:\/\/derechosinfronteras.pe\/ingles\/chumbivilcas-tras-paro-de-72-horas-pobladores-de-velille-iniciaran-dialogo-el-17-de-febrero-con-representantes-de-minera-hudbay\/","title":{"rendered":"Chumbivilcas: Tras paro de 72 horas pobladores de Velille, iniciaran di\u00e1logo el 17 de febrero con representantes de minera Hudbay"},"content":{"rendered":"<p>Tras 72 horas de\u00a0 paro que acataron los pobladores del distrito de Velille &#8211; Chumbivilcas en contra de la empresa transnacional canadiense HUDBAY, con expectativas culmino la mesa de di\u00e1logo que sostuvieron los representantes de la empresa minera, la Presidencia del Consejo de Ministros, los funcionarios de la Oficina General de Gesti\u00f3n Social del MINEM y los representantes de las organizaciones sociales de base y autoridades de Velille, que han emprendido esta medida de lucha.<\/p>\n<p>Tras una extensa reuni\u00f3n que termin\u00f3 a las 6 de la tarde en Maranniyoc a poca distancia del yacimiento minero cupr\u00edfero del proyecto Constancia en Chilloroya,\u00a0 se anunci\u00f3 que la mesa de di\u00e1logo con todos los funcionarios se realizara el 17 de Febrero, ya que ser\u00e1 necesario acreditar a cada representante para su participaci\u00f3n.<\/p>\n<p>Los pobladores aceptaron la propuesta para que la empresa minera, asuma el tema de responsabilidad ambiental y el de responsabilidad social en el distrito. Con esta decisi\u00f3n dieron un comp\u00e1s de espera de 22 d\u00edas para que se cumpla con lo acordado.<\/p>\n<p>Aproximadamente 3 mil 500\u00a0 pobladores conformaron piquetes en Ch&#8217;aychapamapa, Puente Hach&#8217;usapa, Esquina Condes, ya que la\u00a0 medida de lucha fue contundente, puesto que se\u00a0 paralizaron todas las actividades comerciales y otros. El paro se realiz\u00f3 sin inconvenientes, ni violencia durante las horas de lucha. Las comunidades realizaron el bloqueo preventivo de los accesos a la mina.<\/p>\n<p>Recordemos que la empresa minera HudBay ya ha tenido problemas con algunas comunidades afectadas por el proyecto Constancia. En noviembre del 2014 un grupo de comuneros de la comunidad de Uchuccarco realiz\u00f3 un plant\u00f3n en el campamento minero de HudBay produci\u00e9ndose algunos enfrentamientos entre los pobladores y los miembros de la Polic\u00eda Nacional. Luego de ello se instal\u00f3 una mesa de di\u00e1logo y hasta la fecha existen reuniones para discutir las demandas de la comunidad de Uchuccarco. No encontrando plan ni acciones ejecutadas hasta el momento.<\/p>\n<p>Esperamos que los pobladores de Velille puedan llegar a buenos t\u00e9rminos tras su medida de lucha, as\u00ed reivindicar sus pedidos planteados en su plataforma de lucha, as\u00ed mismo que no se afecte la integridad, salud, derechos y la vida de los pobladores de Velille, principalmente de las comunidades campesinas que se encuentran en los \u00e1mbitos de influencia directa e directa del proyecto minero.<\/p>\n<p>&nbsp;<\/p>","protected":false},"excerpt":{"rendered":"<p>Tras 72 horas de\u00a0 paro que acataron los pobladores del distrito de Velille &#8211; Chumbivilcas en contra de la empresa transnacional canadiense HUDBAY, con expectativas culmino la mesa de di\u00e1logo que sostuvieron los representantes de la empresa minera, la Presidencia del Consejo de Ministros, los funcionarios de la Oficina General de Gesti\u00f3n Social del MINEM [&hellip;]<\/p>\n","protected":false},"author":1,"featured_media":0,"comment_status":"closed","ping_status":"open","sticky":false,"template":"","format":"standard","meta":{"_monsterinsights_skip_tracking":false,"_monsterinsights_sitenote_active":false,"_monsterinsights_sitenote_note":"","_monsterinsights_sitenote_category":0,"_jetpack_memberships_contains_paid_content":false,"footnotes":"","jetpack_publicize_message":"","jetpack_publicize_feature_enabled":true,"jetpack_social_post_already_shared":false,"jetpack_social_options":{"image_generator_settings":{"template":"highway","default_image_id":0,"font":"","enabled":false},"version":2}},"categories":[1],"tags":[],"class_list":["post-5656","post","type-post","status-publish","format-standard","hentry","category-sin-categoria"],"blocksy_meta":[],"jetpack_publicize_connections":[],"jetpack_featured_media_url":"","jetpack_sharing_enabled":true,"jetpack_likes_enabled":true,"_links":{"self":[{"href":"https:\/\/derechosinfronteras.pe\/ingles\/wp-json\/wp\/v2\/posts\/5656","targetHints":{"allow":["GET"]}}],"collection":[{"href":"https:\/\/derechosinfronteras.pe\/ingles\/wp-json\/wp\/v2\/posts"}],"about":[{"href":"https:\/\/derechosinfronteras.pe\/ingles\/wp-json\/wp\/v2\/types\/post"}],"author":[{"embeddable":true,"href":"https:\/\/derechosinfronteras.pe\/ingles\/wp-json\/wp\/v2\/users\/1"}],"replies":[{"embeddable":true,"href":"https:\/\/derechosinfronteras.pe\/ingles\/wp-json\/wp\/v2\/comments?post=5656"}],"version-history":[{"count":0,"href":"https:\/\/derechosinfronteras.pe\/ingles\/wp-json\/wp\/v2\/posts\/5656\/revisions"}],"wp:attachment":[{"href":"https:\/\/derechosinfronteras.pe\/ingles\/wp-json\/wp\/v2\/media?parent=5656"}],"wp:term":[{"taxonomy":"category","embeddable":true,"href":"https:\/\/derechosinfronteras.pe\/ingles\/wp-json\/wp\/v2\/categories?post=5656"},{"taxonomy":"post_tag","embeddable":true,"href":"https:\/\/derechosinfronteras.pe\/ingles\/wp-json\/wp\/v2\/tags?post=5656"}],"curies":[{"name":"wp","href":"https:\/\/api.w.org\/{rel}","templated":true}]}}