{"id":5669,"date":"2016-01-19T11:16:26","date_gmt":"2016-01-19T16:16:26","guid":{"rendered":"http:\/\/derechosinfronteras.pe\/?p=608"},"modified":"2016-01-19T11:16:26","modified_gmt":"2016-01-19T16:16:26","slug":"peregrinos-del-senor-de-qoylloriti-marcharon-en-contra-de-concesiones-mineras-2","status":"publish","type":"post","link":"https:\/\/derechosinfronteras.pe\/ingles\/peregrinos-del-senor-de-qoylloriti-marcharon-en-contra-de-concesiones-mineras-2\/","title":{"rendered":"Peregrinos del se\u00f1or de Qoyllorit\u2019i marcharon en contra de Concesiones Mineras"},"content":{"rendered":"<p>M\u00e1s de 800 personas, integrantes de las ocho naciones que conforman la hermandad del Sr. De Qoyllorit\u2019i conjuntamente con el Consejo de Naciones\u00a0 marcharon por las principales calles de la ciudad del Cusco, en protesta a las concesiones mineras en el santuario y la miner\u00eda ilegal que existe en esta zona.<\/p>\n<p>Tras la marcha y en mitin realizado en Plaza de Armas se logr\u00f3 el consenso para firmar el acta de conformidad entre el Presidente Regional, el alcalde Provincial del Cusco, el Titular de la Direcci\u00f3n Desconcentrada de Cultura, el Director Regional de Energ\u00eda y Minas, el presidente del Consejo de Naciones y la hermandad , donde se comprometen a hacer cumplir las funciones de evaluaci\u00f3n y derogatoria del proyecto minero que buscaba explotaci\u00f3n en el santuario del se\u00f1or de Qoyllorit\u2019i que tendr\u00eda un plazo de\u00a0 5 meses antes de la celebraci\u00f3n por las fiestas del Cusco; caso contrario las 8 naciones, la hermandad y el pueblo cusque\u00f1o tomaran medidas extremas como tomar el santuario de Saqsayhuaman en un nuevo paro indefinido.<\/p>\n<p>El representante de la Direcci\u00f3n Desconcentrada de Cultura de Cusco, Econ. Daniel Marav\u00ed Vega Centeno, ratific\u00f3 que la entidad cultural no autorizar\u00e1 ninguna actividad de exploraci\u00f3n o explotaci\u00f3n minera en el Santuario de Qoyllurit\u00b4i a fin de salvaguardar la peregrinaci\u00f3n anual que realizan miles de fieles.<\/p>\n<p><strong><em>\u00abHemos asumido el compromiso de colocar hitos para delimitar el \u00e1rea intangible, como espacio cultural, que tiene m\u00e1s de 3 mil 641 hect\u00e1reas para el resguardo, protecci\u00f3n y salvaguardia de este legado que es reconocido como Patrimonio Cultural Inmaterial de la Humanidad por UNESCO\u00bb<\/em><\/strong> dijo el titular ante una multitud presente en la Plaza de Armas de Cusco, quienes exig\u00edan la defensa del santuario ante el avance de la actividad minera informal.<\/p>\n<p>Asegur\u00f3 que la entidad cultural mantendr\u00e1 permanente coordinaci\u00f3n y trabajo con el Consejo de Naciones y la Hermandad del Se\u00f1or de Qoyllurit\u00b4i para defender este territorio religioso que es reconocido como la mayor peregrinaci\u00f3n que se realiza en\u00a0 Sudam\u00e9rica, asimismo anunci\u00f3 su pleno respaldo a todas las acciones que dispongan las autoridades correspondientes.<\/p>","protected":false},"excerpt":{"rendered":"<p>M\u00e1s de 800 personas, integrantes de las ocho naciones que conforman la hermandad del Sr. De Qoyllorit\u2019i conjuntamente con el Consejo de Naciones\u00a0 marcharon por las principales calles de la ciudad del Cusco, en protesta a las concesiones mineras en el santuario y la miner\u00eda ilegal que existe en esta zona. Tras la marcha y [&hellip;]<\/p>\n","protected":false},"author":1,"featured_media":0,"comment_status":"closed","ping_status":"open","sticky":false,"template":"","format":"standard","meta":{"_monsterinsights_skip_tracking":false,"_monsterinsights_sitenote_active":false,"_monsterinsights_sitenote_note":"","_monsterinsights_sitenote_category":0,"_jetpack_memberships_contains_paid_content":false,"footnotes":"","jetpack_publicize_message":"","jetpack_publicize_feature_enabled":true,"jetpack_social_post_already_shared":false,"jetpack_social_options":{"image_generator_settings":{"template":"highway","default_image_id":0,"font":"","enabled":false},"version":2}},"categories":[1],"tags":[],"class_list":["post-5669","post","type-post","status-publish","format-standard","hentry","category-sin-categoria"],"blocksy_meta":[],"jetpack_publicize_connections":[],"jetpack_featured_media_url":"","jetpack_sharing_enabled":true,"jetpack_likes_enabled":true,"_links":{"self":[{"href":"https:\/\/derechosinfronteras.pe\/ingles\/wp-json\/wp\/v2\/posts\/5669","targetHints":{"allow":["GET"]}}],"collection":[{"href":"https:\/\/derechosinfronteras.pe\/ingles\/wp-json\/wp\/v2\/posts"}],"about":[{"href":"https:\/\/derechosinfronteras.pe\/ingles\/wp-json\/wp\/v2\/types\/post"}],"author":[{"embeddable":true,"href":"https:\/\/derechosinfronteras.pe\/ingles\/wp-json\/wp\/v2\/users\/1"}],"replies":[{"embeddable":true,"href":"https:\/\/derechosinfronteras.pe\/ingles\/wp-json\/wp\/v2\/comments?post=5669"}],"version-history":[{"count":0,"href":"https:\/\/derechosinfronteras.pe\/ingles\/wp-json\/wp\/v2\/posts\/5669\/revisions"}],"wp:attachment":[{"href":"https:\/\/derechosinfronteras.pe\/ingles\/wp-json\/wp\/v2\/media?parent=5669"}],"wp:term":[{"taxonomy":"category","embeddable":true,"href":"https:\/\/derechosinfronteras.pe\/ingles\/wp-json\/wp\/v2\/categories?post=5669"},{"taxonomy":"post_tag","embeddable":true,"href":"https:\/\/derechosinfronteras.pe\/ingles\/wp-json\/wp\/v2\/tags?post=5669"}],"curies":[{"name":"wp","href":"https:\/\/api.w.org\/{rel}","templated":true}]}}