{"id":6132,"date":"2023-10-16T14:21:40","date_gmt":"2023-10-16T19:21:40","guid":{"rendered":"https:\/\/derechosinfronteras.pe\/?p=6132"},"modified":"2023-10-17T17:56:27","modified_gmt":"2023-10-17T22:56:27","slug":"mujer-rural-violencias-y-sanaci","status":"publish","type":"post","link":"https:\/\/derechosinfronteras.pe\/ingles\/mujer-rural-violencias-y-sanaci\/","title":{"rendered":"Mujer Rural: violencias y sanaci\u00f3n"},"content":{"rendered":"<p><em>La vida en las zonas rurales puede ser id\u00edlica, pero para muchas mujeres que habitan en estas comunidades, es un lugar donde se enfrentan a desaf\u00edos significativos, incluyendo la violencia de g\u00e9nero, por lo que resulta fundamental la sanaci\u00f3n.<\/em><\/p>\n\n\n\n<figure class=\"wp-block-image alignleft size-large is-resized\"><img fetchpriority=\"high\" decoding=\"async\" width=\"1024\" height=\"683\" src=\"https:\/\/derechosinfronteras.pe\/wp-content\/uploads\/2023\/10\/WhatsApp-Image-2023-10-16-at-10.43.10-AM-1-1024x683.jpeg\" alt=\"mujer rural violencias y sanacion\" class=\"wp-image-6133\" style=\"aspect-ratio:1.499267935578331;width:322px;height:auto\" srcset=\"https:\/\/derechosinfronteras.pe\/wp-content\/uploads\/2023\/10\/WhatsApp-Image-2023-10-16-at-10.43.10-AM-1-1024x683.jpeg 1024w, https:\/\/derechosinfronteras.pe\/wp-content\/uploads\/2023\/10\/WhatsApp-Image-2023-10-16-at-10.43.10-AM-1-300x200.jpeg 300w, https:\/\/derechosinfronteras.pe\/wp-content\/uploads\/2023\/10\/WhatsApp-Image-2023-10-16-at-10.43.10-AM-1-768x512.jpeg 768w, https:\/\/derechosinfronteras.pe\/wp-content\/uploads\/2023\/10\/WhatsApp-Image-2023-10-16-at-10.43.10-AM-1-1536x1024.jpeg 1536w, https:\/\/derechosinfronteras.pe\/wp-content\/uploads\/2023\/10\/WhatsApp-Image-2023-10-16-at-10.43.10-AM-1.jpeg 1000w\" sizes=\"(max-width: 1024px) 100vw, 1024px\" \/><\/figure>\n\n\n\n<p>En el coraz\u00f3n de las tierras rurales, lejos del bullicio de las ciudades, reside un pilar fundamental de la sociedad: la mujer rural. El 15 de octubre se celebra el <a href=\"https:\/\/www.un.org\/es\/observances\/rural-women-day\" target=\"_blank\" data-type=\"link\" data-id=\"https:\/\/www.un.org\/es\/observances\/rural-women-day\" rel=\"noreferrer noopener\">D\u00eda Internacional de la Mujer Rural<\/a>, una fecha dedicada a reconocer y destacar la vital contribuci\u00f3n que las mujeres rurales hacen a nivel mundial en la agricultura, el desarrollo sostenible y la erradicaci\u00f3n de la pobreza. Este d\u00eda no solo busca resaltar los logros y contribuciones de las mujeres rurales, sino tambi\u00e9n concientizar sobre las dificultades que enfrentan, violencias, afectaciones a sus cuerpos y territorios, entre otros, as\u00ed como los desaf\u00edos que deben superar.<\/p>\n\n\n\n<p><a href=\"https:\/\/derechosinfronteras.pe\/ingles\/mujer-rural-violencias-y-sanaci\/\" data-type=\"link\" data-id=\"https:\/\/derechosinfronteras.pe\/2020\/01\/06\/2019-reconociendo-la-violencia-contra-las-mujeres\/\">Las mujeres rurales <\/a>desempe\u00f1an un papel fundamental en la producci\u00f3n de alimentos, el cuidado de la tierra y el territorio. Representan una parte esencial de la fuerza laboral agr\u00edcola y contribuyen significativamente al suministro de alimentos para sus comunidades y m\u00e1s all\u00e1. Adem\u00e1s, desempe\u00f1an un papel crucial en la conservaci\u00f3n de semillas y la biodiversidad.<\/p>\n\n\n\n<p>A pesar de su importancia, muchas mujeres rurales enfrentan discriminaci\u00f3n en el acceso a la propiedad de la tierra y los recursos, lo que limita sus oportunidades econ\u00f3micas y su independencia. Adem\u00e1s, encuentran dificultades en el acceso a servicios b\u00e1sicos, como educaci\u00f3n y atenci\u00f3n a la salud f\u00edsica y mental, como es el caso de las mujeres afectadas por metales t\u00f3xicos en Espinar y las mujeres afectadas por Esterilizaciones Forzadas en Chumbivilcas. Esta disparidad en el acceso a servicios es un obst\u00e1culo para su empoderamiento y desarrollo. En ese sentido, las desigualdades de g\u00e9nero en la propiedad de la tierra y la toma de decisiones agravan su situaci\u00f3n econ\u00f3mica.<\/p>\n\n\n\n<p>La violencia de g\u00e9nero es una preocupaci\u00f3n importante en las zonas rurales. Las mujeres rurales son v\u00edctimas de violencia f\u00edsica, sexual y psicol\u00f3gica, en un entorno donde la denuncia y la protecci\u00f3n son limitadas. M\u00faltiples factores contribuyen a la violencia de g\u00e9nero en las zonas rurales. La persistente discriminaci\u00f3n de g\u00e9nero, la falta de acceso a la educaci\u00f3n y la limitada independencia econ\u00f3mica son algunos de los principales desencadenantes. La dependencia de la agricultura y la falta de diversificaci\u00f3n econ\u00f3mica pueden atrapar a las mujeres en relaciones abusivas. En ese contexto, fomentar la participaci\u00f3n de las mujeres rurales en la toma de decisiones y en la pol\u00edtica local es esencial para cambiar las estructuras de poder patriarcales en las comunidades rurales. El liderazgo de las mujeres puede ser una fuerza transformadora en la lucha contra la violencia de g\u00e9nero.<\/p>\n\n\n\n<p>El D\u00eda Internacional de la Mujer Rural es una oportunidad para reconocer la invaluable contribuci\u00f3n de las mujeres que viven en zonas rurales y para abordar los desaf\u00edos y desigualdades que enfrentan. A trav\u00e9s de pol\u00edticas y acciones espec\u00edficas, se puede lograr un mundo en el que las mujeres rurales tengan igualdad de oportunidades y vivan libres de violencia y discriminaci\u00f3n.<\/p>\n\n\n\n<p>A pesar de los desaf\u00edos, las mujeres rurales son ejemplos notables de resiliencia y fortaleza. Sanar de las heridas causadas por la violencia es un proceso complejo, pero esencial para empoderar a las mujeres rurales. La sanaci\u00f3n es importante, ya que permite a las mujeres rurales recuperarse de las afectaciones y avanzar hacia un futuro m\u00e1s igualitario y prometedor. La sanaci\u00f3n es un proceso continuo, y la sociedad en su conjunto debe comprometerse a apoyar a las mujeres rurales en su camino hacia la igualdad y la justicia. Al apoyar a las mujeres rurales en su proceso de sanaci\u00f3n, estamos no solo empoderando a estas mujeres, sino tambi\u00e9n fortaleciendo comunidades enteras. La mujer rural no solo es el sustento de la tierra, sino tambi\u00e9n la semilla del cambio.<\/p>\n\n\n\n<p><strong><em>Por: Gianina Melissa Huallpa Raya<\/em><\/strong><\/p>\n\n\n\n<p><strong><em>\u00c1rea G\u00e9nero Juventud e Interculturalidad<\/em><\/strong><\/p>","protected":false},"excerpt":{"rendered":"<p>La vida en las zonas rurales puede ser id\u00edlica, pero para muchas mujeres que habitan en estas comunidades, es un lugar donde se enfrentan a desaf\u00edos significativos, incluyendo la violencia de g\u00e9nero, por lo que resulta fundamental la sanaci\u00f3n. En el coraz\u00f3n de las tierras rurales, lejos del bullicio de las ciudades, reside un pilar [&hellip;]<\/p>\n","protected":false},"author":1,"featured_media":6133,"comment_status":"open","ping_status":"open","sticky":false,"template":"","format":"standard","meta":{"_monsterinsights_skip_tracking":false,"_monsterinsights_sitenote_active":false,"_monsterinsights_sitenote_note":"","_monsterinsights_sitenote_category":0,"_jetpack_memberships_contains_paid_content":false,"footnotes":"","jetpack_publicize_message":"","jetpack_publicize_feature_enabled":true,"jetpack_social_post_already_shared":false,"jetpack_social_options":{"image_generator_settings":{"template":"highway","default_image_id":0,"font":"","enabled":false},"version":2}},"categories":[1],"tags":[21,17,20,19,18],"class_list":["post-6132","post","type-post","status-publish","format-standard","has-post-thumbnail","hentry","category-sin-categoria","tag-comunidades","tag-mujer","tag-rural","tag-sanacion","tag-violencia"],"blocksy_meta":[],"jetpack_publicize_connections":[],"jetpack_featured_media_url":"https:\/\/derechosinfronteras.pe\/wp-content\/uploads\/2023\/10\/WhatsApp-Image-2023-10-16-at-10.43.10-AM-1.jpeg","jetpack_sharing_enabled":true,"jetpack_likes_enabled":true,"_links":{"self":[{"href":"https:\/\/derechosinfronteras.pe\/ingles\/wp-json\/wp\/v2\/posts\/6132","targetHints":{"allow":["GET"]}}],"collection":[{"href":"https:\/\/derechosinfronteras.pe\/ingles\/wp-json\/wp\/v2\/posts"}],"about":[{"href":"https:\/\/derechosinfronteras.pe\/ingles\/wp-json\/wp\/v2\/types\/post"}],"author":[{"embeddable":true,"href":"https:\/\/derechosinfronteras.pe\/ingles\/wp-json\/wp\/v2\/users\/1"}],"replies":[{"embeddable":true,"href":"https:\/\/derechosinfronteras.pe\/ingles\/wp-json\/wp\/v2\/comments?post=6132"}],"version-history":[{"count":6,"href":"https:\/\/derechosinfronteras.pe\/ingles\/wp-json\/wp\/v2\/posts\/6132\/revisions"}],"predecessor-version":[{"id":6145,"href":"https:\/\/derechosinfronteras.pe\/ingles\/wp-json\/wp\/v2\/posts\/6132\/revisions\/6145"}],"wp:featuredmedia":[{"embeddable":true,"href":"https:\/\/derechosinfronteras.pe\/ingles\/wp-json\/wp\/v2\/media\/6133"}],"wp:attachment":[{"href":"https:\/\/derechosinfronteras.pe\/ingles\/wp-json\/wp\/v2\/media?parent=6132"}],"wp:term":[{"taxonomy":"category","embeddable":true,"href":"https:\/\/derechosinfronteras.pe\/ingles\/wp-json\/wp\/v2\/categories?post=6132"},{"taxonomy":"post_tag","embeddable":true,"href":"https:\/\/derechosinfronteras.pe\/ingles\/wp-json\/wp\/v2\/tags?post=6132"}],"curies":[{"name":"wp","href":"https:\/\/api.w.org\/{rel}","templated":true}]}}