{"id":6269,"date":"2023-10-19T10:40:14","date_gmt":"2023-10-19T15:40:14","guid":{"rendered":"https:\/\/derechosinfronteras.pe\/?p=6269"},"modified":"2023-10-21T06:34:02","modified_gmt":"2023-10-21T11:34:02","slug":"el-aborto-terapeutico-en-ninas-una-necesidad-humanitaria","status":"publish","type":"post","link":"https:\/\/derechosinfronteras.pe\/ingles\/el-aborto-terapeutico-en-ninas-una-necesidad-humanitaria\/","title":{"rendered":"El aborto terap\u00e9utico en ni\u00f1as: Una necesidad humanitaria"},"content":{"rendered":"<p><em>\u201cSeg\u00fan la ONU, someter a una ni\u00f1a a un embarazo forzado est\u00e1 calificado como tortura\u201d<\/em><\/p>\n\n\n\n<figure class=\"wp-block-image alignleft size-full is-resized\"><img fetchpriority=\"high\" decoding=\"async\" width=\"760\" height=\"507\" src=\"https:\/\/derechosinfronteras.pe\/wp-content\/uploads\/2023\/10\/000260511M-2.jpg\" alt=\"\" class=\"wp-image-6272\" style=\"aspect-ratio:1.4990138067061145;width:412px;height:auto\" srcset=\"https:\/\/derechosinfronteras.pe\/wp-content\/uploads\/2023\/10\/000260511M-2.jpg 760w, https:\/\/derechosinfronteras.pe\/wp-content\/uploads\/2023\/10\/000260511M-2-300x200.jpg 300w\" sizes=\"(max-width: 760px) 100vw, 760px\" \/><\/figure>\n\n\n\n<p>En nuestro pa\u00eds, hace m\u00e1s de 100 a\u00f1os se legaliz\u00f3 el aborto terap\u00e9utico cuando el embarazo pone en riesgo la vida de las madres, tal como ocurre con las ni\u00f1as y adolescentes. Sin embargo, en el Per\u00fa entre 2012 y 2022 un total de 68 ni\u00f1as de diez a\u00f1os fueron forzadas a ser madres, seg\u00fan el Sistema de Registro del Certificado de Nacido Vivo del Ministerio de Salud, pese a las consecuencias en su salud mental y f\u00edsica de la menor y a las altas tasas de mortalidad reportadas por el Ministerio de Salud.<\/p>\n\n\n\n<p>Seg\u00fan el Ministerio de la Mujer y Poblaciones Vulnerables, de enero a junio de 2023 han atendido 3.787 casos de violaci\u00f3n a ni\u00f1as y mujeres adolescentes en todo el pa\u00eds, cifras realmente alarmantes que merece indignaci\u00f3n y acci\u00f3n para su erradicaci\u00f3n. Si bien, el aborto terap\u00e9utico se legaliz\u00f3 en el Per\u00fa y, desde 2014 cuenta con una gu\u00eda t\u00e9cnica que lo permite en casos de embarazos de hasta 22 semanas; sin embargo, el conservadurismo moral y religioso impulsa una f\u00e9rrea oposici\u00f3n.<\/p>\n\n\n\n<p>En la regi\u00f3n Cusco, en solo una semana se conocieron dos casos de violaci\u00f3n sexual a ni\u00f1as. El primero fue el de una menor de apenas diez a\u00f1os que ten\u00eda veinte semanas de gestaci\u00f3n, un embarazo de alto riesgo que pon\u00eda en peligro su vida. El segundo caso, una ni\u00f1a de doce a\u00f1os de edad que presentaba trece semanas de gestaci\u00f3n. Si bien es cierto, en ambos casos se aplic\u00f3 el aborto terap\u00e9utico, es trascendental se\u00f1alar los puntos siguientes para entender la magnitud de la afectaci\u00f3n.<\/p>\n\n\n\n<p>La violaci\u00f3n sexual a ni\u00f1as es una de las formas m\u00e1s atroces de violencia de g\u00e9nero y abuso infantil. Cuando una ni\u00f1a resulta embarazada como resultado de una violaci\u00f3n, la discusi\u00f3n sobre el aborto terap\u00e9utico toma un papel central, ya que la necesidad de preservar la salud y los derechos de la ni\u00f1a se vuelve una cuesti\u00f3n de suma importancia; debido a que, los embarazos en ni\u00f1as son inherentemente de alto riesgo, ya que sus cuerpos a\u00fan est\u00e1n en desarrollo, y el estr\u00e9s f\u00edsico y emocional de un embarazo puede tener graves consecuencias para su bienestar.<\/p>\n\n\n\n<p>El aborto terap\u00e9utico se justifica en estos casos para preservar la salud de la ni\u00f1a, puesto que puede protegerla de complicaciones m\u00e9dicas potencialmente mortales. Adem\u00e1s, el aspecto emocional de llevar un embarazo producto de una violaci\u00f3n puede ser devastador para una ni\u00f1a, lo que subraya a\u00fan m\u00e1s la importancia del aborto terap\u00e9utico como opci\u00f3n. En ese sentido, el aborto terap\u00e9utico en ni\u00f1as es una cuesti\u00f3n de necesidad humanitaria.<\/p>\n\n\n\n<p>Resulta fundamental trabajar en la prevenci\u00f3n y la educaci\u00f3n para evitar que las ni\u00f1as se enfrenten a esta situaci\u00f3n en primer lugar. Siendo crucial que las ni\u00f1as que enfrentan embarazos precoces reciban apoyo, tanto emocional como m\u00e9dico, que les permita tomar decisiones informadas y respaldadas por profesionales de la salud, porque est\u00e1 totalmente demostrado que el aborto es seguro cuando se hace bajo condiciones adecuadas, consentimiento informado, aplicando las t\u00e9cnicas necesarias genera un impacto menor en la salud mental.<\/p>\n\n\n\n<figure class=\"wp-block-image alignleft size-full is-resized\"><img decoding=\"async\" width=\"656\" height=\"370\" src=\"https:\/\/derechosinfronteras.pe\/wp-content\/uploads\/2023\/10\/5b83dc13b0724.jpeg\" alt=\"\" class=\"wp-image-6273\" style=\"aspect-ratio:1.772972972972973;width:397px;height:auto\" srcset=\"https:\/\/derechosinfronteras.pe\/wp-content\/uploads\/2023\/10\/5b83dc13b0724.jpeg 656w, https:\/\/derechosinfronteras.pe\/wp-content\/uploads\/2023\/10\/5b83dc13b0724-300x169.jpeg 300w\" sizes=\"(max-width: 656px) 100vw, 656px\" \/><\/figure>\n\n\n\n<p>Pese a la implementaci\u00f3n de medidas legales y los esfuerzos para abordar el problema de embarazos en menores, todav\u00eda hay varios aspectos que requieren atenci\u00f3n para que el gobierno pueda proporcionar una respuesta efectiva. En este contexto, un punto de partida ser\u00eda garantizar la aplicaci\u00f3n efectiva de las directrices en relaci\u00f3n al aborto terap\u00e9utico y su interpretaci\u00f3n acorde con la situaci\u00f3n real en cuanto a los riesgos para la salud que conllevan a maternidades forzadas. Adem\u00e1s, creemos que no debe permitirse que la desinformaci\u00f3n, las creencias religiosas y las amenazas a los m\u00e9dicos, como denunci\u00f3 la madre de la menor de 12 a\u00f1os, sean obst\u00e1culos para el acceso a esta necesidad humanitaria. En estos casos, debe primar el bienestar de la menor, siendo as\u00ed que las pol\u00edticas y regulaciones deben reflejar esta responsabilidad moral y legal.<\/p>\n\n\n\n<p><strong><em>Por: Gianina Melissa Huallpa Raya<\/em><\/strong><\/p>\n\n\n\n<p><strong><em>\u00c1rea G\u00e9nero Juventud e Interculturalidad<\/em><\/strong><\/p>","protected":false},"excerpt":{"rendered":"<p>\u201cSeg\u00fan la ONU, someter a una ni\u00f1a a un embarazo forzado est\u00e1 calificado como tortura\u201d En nuestro pa\u00eds, hace m\u00e1s de 100 a\u00f1os se legaliz\u00f3 el aborto terap\u00e9utico cuando el embarazo pone en riesgo la vida de las madres, tal como ocurre con las ni\u00f1as y adolescentes. Sin embargo, en el Per\u00fa entre 2012 y [&hellip;]<\/p>\n","protected":false},"author":1,"featured_media":6274,"comment_status":"open","ping_status":"open","sticky":false,"template":"","format":"standard","meta":{"_monsterinsights_skip_tracking":false,"_monsterinsights_sitenote_active":false,"_monsterinsights_sitenote_note":"","_monsterinsights_sitenote_category":0,"_jetpack_memberships_contains_paid_content":false,"footnotes":"","jetpack_publicize_message":"","jetpack_publicize_feature_enabled":true,"jetpack_social_post_already_shared":false,"jetpack_social_options":{"image_generator_settings":{"template":"highway","default_image_id":0,"font":"","enabled":false},"version":2}},"categories":[1],"tags":[25,28,27,29,26],"class_list":["post-6269","post","type-post","status-publish","format-standard","has-post-thumbnail","hentry","category-sin-categoria","tag-aborto","tag-embarazo","tag-minsa","tag-ninas","tag-terapeutico"],"blocksy_meta":[],"jetpack_publicize_connections":[],"jetpack_featured_media_url":"https:\/\/derechosinfronteras.pe\/wp-content\/uploads\/2023\/10\/WhatsApp-Image-2023-08-10-at-8.59.20-AM.jpeg","jetpack_sharing_enabled":true,"jetpack_likes_enabled":true,"_links":{"self":[{"href":"https:\/\/derechosinfronteras.pe\/ingles\/wp-json\/wp\/v2\/posts\/6269","targetHints":{"allow":["GET"]}}],"collection":[{"href":"https:\/\/derechosinfronteras.pe\/ingles\/wp-json\/wp\/v2\/posts"}],"about":[{"href":"https:\/\/derechosinfronteras.pe\/ingles\/wp-json\/wp\/v2\/types\/post"}],"author":[{"embeddable":true,"href":"https:\/\/derechosinfronteras.pe\/ingles\/wp-json\/wp\/v2\/users\/1"}],"replies":[{"embeddable":true,"href":"https:\/\/derechosinfronteras.pe\/ingles\/wp-json\/wp\/v2\/comments?post=6269"}],"version-history":[{"count":1,"href":"https:\/\/derechosinfronteras.pe\/ingles\/wp-json\/wp\/v2\/posts\/6269\/revisions"}],"predecessor-version":[{"id":6275,"href":"https:\/\/derechosinfronteras.pe\/ingles\/wp-json\/wp\/v2\/posts\/6269\/revisions\/6275"}],"wp:featuredmedia":[{"embeddable":true,"href":"https:\/\/derechosinfronteras.pe\/ingles\/wp-json\/wp\/v2\/media\/6274"}],"wp:attachment":[{"href":"https:\/\/derechosinfronteras.pe\/ingles\/wp-json\/wp\/v2\/media?parent=6269"}],"wp:term":[{"taxonomy":"category","embeddable":true,"href":"https:\/\/derechosinfronteras.pe\/ingles\/wp-json\/wp\/v2\/categories?post=6269"},{"taxonomy":"post_tag","embeddable":true,"href":"https:\/\/derechosinfronteras.pe\/ingles\/wp-json\/wp\/v2\/tags?post=6269"}],"curies":[{"name":"wp","href":"https:\/\/api.w.org\/{rel}","templated":true}]}}