{"id":6939,"date":"2023-11-18T18:40:05","date_gmt":"2023-11-18T23:40:05","guid":{"rendered":"https:\/\/derechosinfronteras.pe\/?p=6939"},"modified":"2023-11-18T18:47:02","modified_gmt":"2023-11-18T23:47:02","slug":"93-congresistas-votaron-a-favor-de-la-bicameralidad-mientras-que-28-en-contra-y-hubo-una-abstencion","status":"publish","type":"post","link":"https:\/\/derechosinfronteras.pe\/ingles\/93-congresistas-votaron-a-favor-de-la-bicameralidad-mientras-que-28-en-contra-y-hubo-una-abstencion\/","title":{"rendered":"93 CONGRESISTAS VOTARON A FAVOR DE LA BICAMERALIDAD, MIENTRAS QUE 28 EN CONTRA, Y HUBO UNA ABSTENCI\u00d3N."},"content":{"rendered":"<figure class=\"wp-block-image size-full\"><img fetchpriority=\"high\" decoding=\"async\" width=\"980\" height=\"551\" src=\"https:\/\/derechosinfronteras.pe\/wp-content\/uploads\/2023\/11\/000_33Q94G9.webp\" alt=\"\" class=\"wp-image-6940\" srcset=\"https:\/\/derechosinfronteras.pe\/wp-content\/uploads\/2023\/11\/000_33Q94G9.webp 980w, https:\/\/derechosinfronteras.pe\/wp-content\/uploads\/2023\/11\/000_33Q94G9-300x169.webp 300w, https:\/\/derechosinfronteras.pe\/wp-content\/uploads\/2023\/11\/000_33Q94G9-768x432.webp 768w\" sizes=\"(max-width: 980px) 100vw, 980px\" \/><\/figure>\n\n\n\n<p>El dictamen fue elaborado por la Comisi\u00f3n de Constituci\u00f3n y Reglamento, y expuesto en el Congreso el 16 de noviembre \u00faltimo por su presidenta Martha Moyano, luego de recoger las propuestas de la congresista de Avanza Pa\u00eds, Adriana Tudela.<\/p>\n\n\n\n<p>Es importante indicar que este dictamen modificado no hace menci\u00f3n a la figura de la reelecci\u00f3n parlamentaria, es decir, no est\u00e1 restringido a un solo periodo, \u201csi se tuviera que limitar ello, tendr\u00eda que colocarse expresamente, cosa que no ha ocurrido\u201d. \u201cPor ejemplo, el dictamen de la Comisi\u00f3n de Constituci\u00f3n referido a la reelecci\u00f3n de alcaldes y gobernadores regionales s\u00ed precisa que es una reelecci\u00f3n por un periodo\u201d (se\u00f1al\u00f3 a OjoP\u00fablico el abogado Jos\u00e9 Naupari, especialista en derecho constitucional y electoral).<\/p>\n\n\n\n<p>El dictamen modificado propone la restituci\u00f3n de un sistema de dos c\u00e1maras parlamentarias, 60 senadores y 130 diputados, quienes estar\u00e1n de forma irrenunciable en su cargo por un periodo de cinco a\u00f1os. Este nuevo sistema propone que los proyectos de ley originados en la c\u00e1mara de diputados deber\u00e1n ser enviados a la de senadores para su votaci\u00f3n, y as\u00ed definir si ser\u00e1n decretadas o no.<\/p>\n\n\n\n<p>Al respecto, varios congresistas se manifestaron en contra de esta aprobaci\u00f3n, una de ellas fue la congresista Flor Pablo Medina, quien dijo: \u201cla mayor\u00eda del Congreso puso de contrabando la reelecci\u00f3n permanente de congresistas y senadores\u201d, \u201cvenimos y estamos en un desprestigio terrible en nuestro pa\u00eds. No nos quieren\u201d.<\/p>\n\n\n\n<p>Por su parte, la congresista Ruth Luque que tambi\u00e9n vot\u00f3 en contra del dictamen se\u00f1al\u00f3 lo siguiente: \u201clas autoridades de las diferentes bancadas parlamentarias, que insistieron con la bicameralidad y reconsideraciones, demuestran el terror que le tienen a la poblaci\u00f3n, debido a que no permitieron a que la ciudadan\u00eda elija acerca de dicha medida en una Asamblea Constituyente\u201d, \u201cle negaron el derecho a la poblaci\u00f3n a ser consultados por una Asamblea Constituyente y buscan reelecci\u00f3n rechazada hace menos de cinco a\u00f1os\u201d.&nbsp; \u201cEs el momento que quienes ingresaron a este congreso enarbolando una Nueva Constituci\u00f3n sean coherentes con la poblaci\u00f3n que los eligi\u00f3\u201d.<\/p>\n\n\n\n<p>Ahora bien, este dictamen que fue aprobado en primera votaci\u00f3n responde a una reforma constitucional, y seg\u00fan el art\u00edculo 206 de nuestra Constituci\u00f3n Pol\u00edtica, esta medida debe ser ratificada en refer\u00e9ndum o aprobada bajo votaci\u00f3n en una segunda legislatura, sin embargo, el Congreso opt\u00f3 por lo segundo.<\/p>\n\n\n\n<p>\u00c1rea de Comunicaci\u00f3n e Incidencia Pol\u00edtica &#8211; DHSF<\/p>","protected":false},"excerpt":{"rendered":"<p>El dictamen fue elaborado por la Comisi\u00f3n de Constituci\u00f3n y Reglamento, y expuesto en el Congreso el 16 de noviembre \u00faltimo por su presidenta Martha Moyano, luego de recoger las propuestas de la congresista de Avanza Pa\u00eds, Adriana Tudela. Es importante indicar que este dictamen modificado no hace menci\u00f3n a la figura de la reelecci\u00f3n [&hellip;]<\/p>\n","protected":false},"author":1,"featured_media":6940,"comment_status":"open","ping_status":"open","sticky":false,"template":"","format":"standard","meta":{"_monsterinsights_skip_tracking":false,"_monsterinsights_sitenote_active":false,"_monsterinsights_sitenote_note":"","_monsterinsights_sitenote_category":0,"_jetpack_memberships_contains_paid_content":false,"footnotes":"","jetpack_publicize_message":"","jetpack_publicize_feature_enabled":true,"jetpack_social_post_already_shared":false,"jetpack_social_options":{"image_generator_settings":{"template":"highway","default_image_id":0,"font":"","enabled":false},"version":2}},"categories":[1],"tags":[35,37,39,38],"class_list":["post-6939","post","type-post","status-publish","format-standard","has-post-thumbnail","hentry","category-sin-categoria","tag-bicameralidad","tag-congreso","tag-flor-pablo-medina","tag-ruth-luque"],"blocksy_meta":[],"jetpack_publicize_connections":[],"jetpack_featured_media_url":"https:\/\/derechosinfronteras.pe\/wp-content\/uploads\/2023\/11\/000_33Q94G9.webp","jetpack_sharing_enabled":true,"jetpack_likes_enabled":true,"_links":{"self":[{"href":"https:\/\/derechosinfronteras.pe\/ingles\/wp-json\/wp\/v2\/posts\/6939","targetHints":{"allow":["GET"]}}],"collection":[{"href":"https:\/\/derechosinfronteras.pe\/ingles\/wp-json\/wp\/v2\/posts"}],"about":[{"href":"https:\/\/derechosinfronteras.pe\/ingles\/wp-json\/wp\/v2\/types\/post"}],"author":[{"embeddable":true,"href":"https:\/\/derechosinfronteras.pe\/ingles\/wp-json\/wp\/v2\/users\/1"}],"replies":[{"embeddable":true,"href":"https:\/\/derechosinfronteras.pe\/ingles\/wp-json\/wp\/v2\/comments?post=6939"}],"version-history":[{"count":2,"href":"https:\/\/derechosinfronteras.pe\/ingles\/wp-json\/wp\/v2\/posts\/6939\/revisions"}],"predecessor-version":[{"id":6942,"href":"https:\/\/derechosinfronteras.pe\/ingles\/wp-json\/wp\/v2\/posts\/6939\/revisions\/6942"}],"wp:featuredmedia":[{"embeddable":true,"href":"https:\/\/derechosinfronteras.pe\/ingles\/wp-json\/wp\/v2\/media\/6940"}],"wp:attachment":[{"href":"https:\/\/derechosinfronteras.pe\/ingles\/wp-json\/wp\/v2\/media?parent=6939"}],"wp:term":[{"taxonomy":"category","embeddable":true,"href":"https:\/\/derechosinfronteras.pe\/ingles\/wp-json\/wp\/v2\/categories?post=6939"},{"taxonomy":"post_tag","embeddable":true,"href":"https:\/\/derechosinfronteras.pe\/ingles\/wp-json\/wp\/v2\/tags?post=6939"}],"curies":[{"name":"wp","href":"https:\/\/api.w.org\/{rel}","templated":true}]}}