{"id":6944,"date":"2023-12-06T16:33:06","date_gmt":"2023-12-06T21:33:06","guid":{"rendered":"https:\/\/derechosinfronteras.pe\/?p=6944"},"modified":"2023-12-06T16:36:23","modified_gmt":"2023-12-06T21:36:23","slug":"sentencia-historica-en-caso-de-esterilizaciones-forzadas-un-avance-en-la-justicia-y-los-derechos-humanos","status":"publish","type":"post","link":"https:\/\/derechosinfronteras.pe\/ingles\/sentencia-historica-en-caso-de-esterilizaciones-forzadas-un-avance-en-la-justicia-y-los-derechos-humanos\/","title":{"rendered":"SENTENCIA HIST\u00d3RICA EN CASO DE ESTERILIZACIONES FORZADAS: UN AVANCE EN LA JUSTICIA Y LOS DERECHOS HUMANOS"},"content":{"rendered":"<p><strong>Confirman la sentencia de primera instancia, que ordena al MINJUSDH la implementaci\u00f3n de una pol\u00edtica de reparaciones integrales para v\u00edctimas de Esterilizaciones Forzadas<\/strong><\/p>\n\n\n\n<figure class=\"wp-block-image aligncenter size-large\"><img fetchpriority=\"high\" decoding=\"async\" width=\"1024\" height=\"683\" src=\"https:\/\/derechosinfronteras.pe\/wp-content\/uploads\/2023\/12\/GRANDE-2-1024x683.jpg\" alt=\"\" class=\"wp-image-6947\" srcset=\"https:\/\/derechosinfronteras.pe\/wp-content\/uploads\/2023\/12\/GRANDE-2-1024x683.jpg 1024w, https:\/\/derechosinfronteras.pe\/wp-content\/uploads\/2023\/12\/GRANDE-2-300x200.jpg 300w, https:\/\/derechosinfronteras.pe\/wp-content\/uploads\/2023\/12\/GRANDE-2-768x512.jpg 768w, https:\/\/derechosinfronteras.pe\/wp-content\/uploads\/2023\/12\/GRANDE-2.jpg 1000w\" sizes=\"(max-width: 1024px) 100vw, 1024px\" \/><\/figure>\n\n\n\n<p>La reciente sentencia de vista de la causa, emitida por la Corte Superior de Justicia de Lima &#8211; Segunda Sala Constitucional, marca un hito en la lucha por la justicia y derecho a la reparaci\u00f3n integral en el Per\u00fa para las v\u00edctimas afectadas por esterilizaciones forzadas.<\/p>\n\n\n\n<p>La segunda Sala Constitucional ratifica la implementaci\u00f3n de una pol\u00edtica de reparaciones para las mujeres inscritas en el REVIESFO (Registro de V\u00edctimas de Esterilizaci\u00f3n Forzada), por ello, la decisi\u00f3n judicial representa un paso crucial hacia el reconocimiento y reparaci\u00f3n integral de graves violaciones de los derechos fundamentales de las personas afectadas.<\/p>\n\n\n\n<p><strong>Puntos clave de la sentencia<\/strong><\/p>\n\n\n\n<p>En noviembre de 2022, El Poder Judicial orden\u00f3 al Ministerio de Justicia y Derechos Humanos implementar una pol\u00edtica de reparaciones para las mujeres v\u00edctimas de esterilizaci\u00f3n forzada inscritas en el Registro de V\u00edctimas de Esterilizaci\u00f3n Forzada \u2013 Reviesfo. Sin embargo, el MINJUSDH apel\u00f3 a dicha decisi\u00f3n indicando que la reparaci\u00f3n integral no es un derecho fundamental.<\/p>\n\n\n\n<p>Luego de casi un a\u00f1o, este 29 de noviembre, la Segunda Sala Constitucional de la Corte Superior de Justicia de Lima ratific\u00f3 la sentencia que Ordena al MINJUSDH la implementaci\u00f3n de una pol\u00edtica de reparaciones para las mujeres v\u00edctimas de \u201cesterilizaci\u00f3n forzada\u201d, garantizando la participaci\u00f3n efectiva y coordinaci\u00f3n con las asociaciones de v\u00edctimas.<\/p>\n\n\n\n<p><a><\/a>Recordemos que durante el r\u00e9gimen de Alberto Fujimori se implement\u00f3 un programa que esteriliz\u00f3 de manera forzada a m\u00e1s de 200 000 mujeres y varones, en su mayor\u00eda quechuahablantes, campesinas\/os y pobres, quienes durante varios a\u00f1os contin\u00faan buscando justicia y reparaci\u00f3n.<\/p>\n\n\n\n<p>Dicha sentencia reconoce que es necesario implementar una pol\u00edtica de reparaci\u00f3n integral frente a las violaciones de derechos humanos perpetradas a trav\u00e9s de las esterilizaciones forzadas. Esta sentencia representa un paso crucial hacia la verdad, la justicia y la reparaci\u00f3n para las v\u00edctimas afectadas por las esterilizaciones forzadas.<\/p>\n\n\n\n<p>Derechos Humanos Sin Fronteras, contin\u00faa acompa\u00f1ando la lucha por justicia y reparaci\u00f3n integral para las personas afectadas por estas pr\u00e1cticas y se mantendr\u00e1 vigilante frente al cumplimiento de dicha sentencia, buscando contribuir activamente al proceso de generar una pol\u00edtica de reparaci\u00f3n integral y a la prevenci\u00f3n de futuras violaciones a derechos humanos.<\/p>\n\n\n\n<p>\u00c1rea de G\u00e9nero, Juventud e Interculturalidad<\/p>","protected":false},"excerpt":{"rendered":"<p>Confirman la sentencia de primera instancia, que ordena al MINJUSDH la implementaci\u00f3n de una pol\u00edtica de reparaciones integrales para v\u00edctimas de Esterilizaciones Forzadas La reciente sentencia de vista de la causa, emitida por la Corte Superior de Justicia de Lima &#8211; Segunda Sala Constitucional, marca un hito en la lucha por la justicia y derecho [&hellip;]<\/p>\n","protected":false},"author":1,"featured_media":6947,"comment_status":"open","ping_status":"open","sticky":false,"template":"","format":"standard","meta":{"_monsterinsights_skip_tracking":false,"_monsterinsights_sitenote_active":false,"_monsterinsights_sitenote_note":"","_monsterinsights_sitenote_category":0,"_jetpack_memberships_contains_paid_content":false,"footnotes":"","jetpack_publicize_message":"","jetpack_publicize_feature_enabled":true,"jetpack_social_post_already_shared":false,"jetpack_social_options":{"image_generator_settings":{"template":"highway","default_image_id":0,"font":"","enabled":false},"version":2}},"categories":[1],"tags":[41,40,42,43,44],"class_list":["post-6944","post","type-post","status-publish","format-standard","has-post-thumbnail","hentry","category-sin-categoria","tag-derechos-humanos","tag-esteriliaciones-forzadas","tag-minjusdh","tag-reviesfo","tag-victimas"],"blocksy_meta":[],"jetpack_publicize_connections":[],"jetpack_featured_media_url":"https:\/\/derechosinfronteras.pe\/wp-content\/uploads\/2023\/12\/GRANDE-2.jpg","jetpack_sharing_enabled":true,"jetpack_likes_enabled":true,"_links":{"self":[{"href":"https:\/\/derechosinfronteras.pe\/ingles\/wp-json\/wp\/v2\/posts\/6944","targetHints":{"allow":["GET"]}}],"collection":[{"href":"https:\/\/derechosinfronteras.pe\/ingles\/wp-json\/wp\/v2\/posts"}],"about":[{"href":"https:\/\/derechosinfronteras.pe\/ingles\/wp-json\/wp\/v2\/types\/post"}],"author":[{"embeddable":true,"href":"https:\/\/derechosinfronteras.pe\/ingles\/wp-json\/wp\/v2\/users\/1"}],"replies":[{"embeddable":true,"href":"https:\/\/derechosinfronteras.pe\/ingles\/wp-json\/wp\/v2\/comments?post=6944"}],"version-history":[{"count":3,"href":"https:\/\/derechosinfronteras.pe\/ingles\/wp-json\/wp\/v2\/posts\/6944\/revisions"}],"predecessor-version":[{"id":6951,"href":"https:\/\/derechosinfronteras.pe\/ingles\/wp-json\/wp\/v2\/posts\/6944\/revisions\/6951"}],"wp:featuredmedia":[{"embeddable":true,"href":"https:\/\/derechosinfronteras.pe\/ingles\/wp-json\/wp\/v2\/media\/6947"}],"wp:attachment":[{"href":"https:\/\/derechosinfronteras.pe\/ingles\/wp-json\/wp\/v2\/media?parent=6944"}],"wp:term":[{"taxonomy":"category","embeddable":true,"href":"https:\/\/derechosinfronteras.pe\/ingles\/wp-json\/wp\/v2\/categories?post=6944"},{"taxonomy":"post_tag","embeddable":true,"href":"https:\/\/derechosinfronteras.pe\/ingles\/wp-json\/wp\/v2\/tags?post=6944"}],"curies":[{"name":"wp","href":"https:\/\/api.w.org\/{rel}","templated":true}]}}