{"id":7184,"date":"2024-02-22T16:12:48","date_gmt":"2024-02-22T21:12:48","guid":{"rendered":"https:\/\/derechosinfronteras.pe\/?p=7184"},"modified":"2024-02-22T16:51:11","modified_gmt":"2024-02-22T21:51:11","slug":"familiares-de-victimas-asesinados-y-heridos-durante-las-protestas-en-contra-de-dina-boluarte-preocupados-por-la-fecha-de-culminacion-de-la-investigacion-fiscal","status":"publish","type":"post","link":"https:\/\/derechosinfronteras.pe\/ingles\/familiares-de-victimas-asesinados-y-heridos-durante-las-protestas-en-contra-de-dina-boluarte-preocupados-por-la-fecha-de-culminacion-de-la-investigacion-fiscal\/","title":{"rendered":"Familiares de v\u00edctimas asesinados y heridos durante las protestas sociales en contra del gobierno de Dina Boluarte, preocupados por la fecha de culminaci\u00f3n de la investigaci\u00f3n fiscal"},"content":{"rendered":"<p><strong>El Ministerio P\u00fablico est\u00e1 considerando que los actos delictivos responden a \u00f3rdenes superiores del comando policial y el ejecutivo.<\/strong><\/p>\n\n\n\n<figure class=\"wp-block-image aligncenter size-full\"><img fetchpriority=\"high\" decoding=\"async\" width=\"480\" height=\"320\" src=\"https:\/\/derechosinfronteras.pe\/wp-content\/uploads\/2024\/02\/cp.jpg\" alt=\"\" class=\"wp-image-7185\" srcset=\"https:\/\/derechosinfronteras.pe\/wp-content\/uploads\/2024\/02\/cp.jpg 480w, https:\/\/derechosinfronteras.pe\/wp-content\/uploads\/2024\/02\/cp-300x200.jpg 300w\" sizes=\"(max-width: 480px) 100vw, 480px\" \/><\/figure>\n\n\n\n<p>El martes 20 de febrero, a trav\u00e9s de una conferencia de prensa llevado a cabo en la ciudad de Lima, los familiares de v\u00edctimas asesinados y heridos demandaron al Fiscal de la Naci\u00f3n, Dr. Juan Carlos Villena, una reuni\u00f3n urgente para que informe el avance de las investigaciones fiscales y para que los responsables sean denunciados antes del t\u00e9rmino del plazo de la investigaci\u00f3n fiscal, las mismas que culminar\u00eda en abril y mayo del presente a\u00f1o.<\/p>\n\n\n\n<p>Por otro lado, rescataron la reuni\u00f3n que tuvieron con el Dr. Luis Valdivia, nuevo coordinador del Equipo Especial de Fiscales para casos de V\u00edctimas durante las Protestas Sociales (EFICAVIP), quien se comprometi\u00f3 a brindar informaci\u00f3n sobre sus casos; pero indicaron que har\u00e1n seguimiento a los compromisos asumidos.<\/p>\n\n\n\n<p>Los familiares de las v\u00edctimas de la represi\u00f3n policial y de las fuerzas armadas llegaron a Lima desde Ayacucho, Cusco, Puno-Juliaca, La Libertad, Apurimac y Junin, con el objetivo de aunar esfuerzos mediante la conformaci\u00f3n de la \u201cOrganizaci\u00f3n Nacional de M\u00e1rtires y V\u00edctimas\u201d quien es presidido por Ra\u00fal Samill\u00e1n como su presidente, y as\u00ed exigir a las autoridades celeridad en las investigaciones.<\/p>\n\n\n\n<p>Jovanna Mendoza, Renato Murillo y Magno S\u00e1nchez, quienes acompa\u00f1an como vicepresidenta, vocal y fiscal de la organizaci\u00f3n, pidieron que quienes fueron v\u00edctimas (heridos) de esta represi\u00f3n se unan a la organizaci\u00f3n; asimismo, demandaron reparaci\u00f3n para los hu\u00e9rfanos e hijos de los heridos. Por su parte, Dany Quispe, secretario de la organizaci\u00f3n dijo: \u201cno estamos reunidos en vano, estamos por nuestros hijos, Dina Boluarte es quien ha asesinado, que no vaya a nuestros pueblos, que no se atreva a dar caramelos\u201d, y pidi\u00f3 que se haga justicia.<\/p>\n\n\n\n<p>De acuerdo a la informaci\u00f3n proporcionada por los abogados Carlos Rivera del IDL, Henry Mercado, Aroldo Vera de DHSF y C\u00e9sar Quispe, quienes representan a los familiares de las v\u00edctimas, se\u00f1alaron que hasta el momento hay poco avance en las investigaciones. Sin embargo, destacaron que en los \u00faltimos meses la EFICAVIP ha tomado algunas disposiciones importantes, entre las que se pueden mencionar lo siguiente: <\/p>\n\n\n\n<p>En casi todas las carpetas ya hay polic\u00edas y militares investigados, se ha identificado a algunos de los autores materiales, los jefes de las regiones policiales est\u00e1n como investigados, es decir, el Ministerio P\u00fablico est\u00e1 considerando que los actos delictivos responden a \u00f3rdenes superiores del comando policial y el ejecutivo.<\/p>\n\n\n\n<p>Los abogados tambi\u00e9n resaltaron que los homicidios est\u00e1n siendo calificados como graves violaciones a los derechos humanos, y que en la carpeta de Dina Boluarte y Ot\u00e1rola da a conocer que la mayor\u00eda de las v\u00edctimas tienen disparos en el tercio superior de los cuerpos y que es posible que haya habido \u00f3rdenes para eliminarlos.<\/p>\n\n\n\n<p>\u00c1rea de Comunicaci\u00f3n e Incidencia Pol\u00edtica &#8211; DHSF<\/p>","protected":false},"excerpt":{"rendered":"<p>El Ministerio P\u00fablico est\u00e1 considerando que los actos delictivos responden a \u00f3rdenes superiores del comando policial y el ejecutivo. El martes 20 de febrero, a trav\u00e9s de una conferencia de prensa llevado a cabo en la ciudad de Lima, los familiares de v\u00edctimas asesinados y heridos demandaron al Fiscal de la Naci\u00f3n, Dr. Juan Carlos [&hellip;]<\/p>\n","protected":false},"author":1,"featured_media":7186,"comment_status":"open","ping_status":"open","sticky":false,"template":"","format":"standard","meta":{"_monsterinsights_skip_tracking":false,"_monsterinsights_sitenote_active":false,"_monsterinsights_sitenote_note":"","_monsterinsights_sitenote_category":0,"_jetpack_memberships_contains_paid_content":false,"footnotes":"","jetpack_publicize_message":"","jetpack_publicize_feature_enabled":true,"jetpack_social_post_already_shared":false,"jetpack_social_options":{"image_generator_settings":{"template":"highway","default_image_id":0,"font":"","enabled":false},"version":2}},"categories":[1],"tags":[47,52,49,51,48,50,53,46,45],"class_list":["post-7184","post","type-post","status-publish","format-standard","has-post-thumbnail","hentry","category-sin-categoria","tag-dina-boluarte","tag-eficavip","tag-heridos","tag-idl","tag-investigacion-fiscal","tag-luis-valdivia","tag-ministerio-publico","tag-protestas","tag-victimas-2"],"blocksy_meta":[],"jetpack_publicize_connections":[],"jetpack_featured_media_url":"https:\/\/derechosinfronteras.pe\/wp-content\/uploads\/2024\/02\/cp2.jpg","jetpack_sharing_enabled":true,"jetpack_likes_enabled":true,"_links":{"self":[{"href":"https:\/\/derechosinfronteras.pe\/ingles\/wp-json\/wp\/v2\/posts\/7184","targetHints":{"allow":["GET"]}}],"collection":[{"href":"https:\/\/derechosinfronteras.pe\/ingles\/wp-json\/wp\/v2\/posts"}],"about":[{"href":"https:\/\/derechosinfronteras.pe\/ingles\/wp-json\/wp\/v2\/types\/post"}],"author":[{"embeddable":true,"href":"https:\/\/derechosinfronteras.pe\/ingles\/wp-json\/wp\/v2\/users\/1"}],"replies":[{"embeddable":true,"href":"https:\/\/derechosinfronteras.pe\/ingles\/wp-json\/wp\/v2\/comments?post=7184"}],"version-history":[{"count":4,"href":"https:\/\/derechosinfronteras.pe\/ingles\/wp-json\/wp\/v2\/posts\/7184\/revisions"}],"predecessor-version":[{"id":7192,"href":"https:\/\/derechosinfronteras.pe\/ingles\/wp-json\/wp\/v2\/posts\/7184\/revisions\/7192"}],"wp:featuredmedia":[{"embeddable":true,"href":"https:\/\/derechosinfronteras.pe\/ingles\/wp-json\/wp\/v2\/media\/7186"}],"wp:attachment":[{"href":"https:\/\/derechosinfronteras.pe\/ingles\/wp-json\/wp\/v2\/media?parent=7184"}],"wp:term":[{"taxonomy":"category","embeddable":true,"href":"https:\/\/derechosinfronteras.pe\/ingles\/wp-json\/wp\/v2\/categories?post=7184"},{"taxonomy":"post_tag","embeddable":true,"href":"https:\/\/derechosinfronteras.pe\/ingles\/wp-json\/wp\/v2\/tags?post=7184"}],"curies":[{"name":"wp","href":"https:\/\/api.w.org\/{rel}","templated":true}]}}