{"id":7194,"date":"2024-02-22T18:12:09","date_gmt":"2024-02-22T23:12:09","guid":{"rendered":"https:\/\/derechosinfronteras.pe\/?p=7194"},"modified":"2024-02-22T18:18:14","modified_gmt":"2024-02-22T23:18:14","slug":"participacion-social-en-la-iv-sesion-de-la-comision-multisectorial-para-atencion-de-afectados-a-la-salud-por-metales-pesados-y-otras-sustancias-quimicas","status":"publish","type":"post","link":"https:\/\/derechosinfronteras.pe\/ingles\/participacion-social-en-la-iv-sesion-de-la-comision-multisectorial-para-atencion-de-afectados-a-la-salud-por-metales-pesados-y-otras-sustancias-quimicas\/","title":{"rendered":"Participaci\u00f3n social en la IV Sesi\u00f3n de la Comisi\u00f3n Multisectorial para atenci\u00f3n de afectados a la salud por metales pesados y otras sustancias qu\u00edmicas"},"content":{"rendered":"<p>Desde hace m\u00e1s de 3 a\u00f1os, el MINSA ha ratificado que en el Per\u00fa tenemos m\u00e1s de 10 millones de personas en zonas de exposici\u00f3n a metales t\u00f3xicos, motivo por el cual se ha procurado un Plan Especial MULTISECTORIAL con el fin de realizar acciones de prevenci\u00f3n, mitigaci\u00f3n y atenci\u00f3n a su salud. En ese marco, el d\u00eda 16 de febrero del 2024 se llev\u00f3 a cabo la <strong>IV Sesi\u00f3n Ordinaria de la Comisi\u00f3n Multisectorial de naturaleza permanente para la prevenci\u00f3n, mitigaci\u00f3n y atenci\u00f3n de la salud afectada por la contaminaci\u00f3n con metales pesados y otras sustancias qu\u00edmicas y a la implementaci\u00f3n del Plan Especial Multisectorial (DS N\u00b0 037-2021-MINAM) <\/strong>en modalidad virtual.<\/p>\n\n\n\n<figure class=\"wp-block-image alignleft size-full\"><img fetchpriority=\"high\" decoding=\"async\" width=\"480\" height=\"320\" src=\"https:\/\/derechosinfronteras.pe\/wp-content\/uploads\/2024\/02\/WhatsApp-Image-2024-02-22-at-6.07.38-PM.jpeg\" alt=\"\" class=\"wp-image-7198\" srcset=\"https:\/\/derechosinfronteras.pe\/wp-content\/uploads\/2024\/02\/WhatsApp-Image-2024-02-22-at-6.07.38-PM.jpeg 480w, https:\/\/derechosinfronteras.pe\/wp-content\/uploads\/2024\/02\/WhatsApp-Image-2024-02-22-at-6.07.38-PM-300x200.jpeg 300w\" sizes=\"(max-width: 480px) 100vw, 480px\" \/><\/figure>\n\n\n\n<p>Esta reuni\u00f3n ha permitido retomar el di\u00e1logo entre las entidades del Estado y la poblaci\u00f3n afectada. Cabe resaltar que hubo apertura para la participaci\u00f3n de la Plataforma Nacional de Afectados\/as por Metales y de la Mesa T\u00e9cnica de Salud Ambiental y Humana en la reuni\u00f3n. Sin embargo, hubo ausencia de OEFA, Ministerio de Trabajo y Promoci\u00f3n del Empleo y Asamblea Nacional de Gobiernos Regionales. Estas tres entidades del Estado son tambi\u00e9n prioritarias en su participaci\u00f3n para no dejar de lado el conocimiento ambiental, atenci\u00f3n a necesidades econ\u00f3micas y planes regionales a ejecutar en favor de la poblaci\u00f3n mencionada.<\/p>\n\n\n\n<p>Recordemos que, en el 2022 OEFA ha realizado una Evaluaci\u00f3n Ambiental de Causalidad en Espinar a trav\u00e9s de la cual ratifica que Espinar se encuentra bajo contaminaci\u00f3n, tal como la poblaci\u00f3n ha indicado por muchos a\u00f1os. Ahora, si bien OEFA no menciona en sus informes la afectaci\u00f3n humana, se debe reconocer que el ser humano tambi\u00e9n es parte del ambiente y por ende se encuentra expuesto a todos estos factores contaminantes ambientales.<\/p>\n\n\n\n<p>Esta reuni\u00f3n tuvo como principales acuerdos: 1) Aprobaci\u00f3n del Plan de Trabajo 2024 de la Comisi\u00f3n; y, 2) Establecer 4 subgrupos de trabajo (Ambiental, Salud, Saneamiento e Institucional), los cuales presentar\u00e1n sus cronogramas de trabajo, en base al Plan Especial Multisectorial, el d\u00eda 08 de marzo.<\/p>\n\n\n\n<p>La Plataforma tuvo una participaci\u00f3n muy activa en la IV Sesi\u00f3n de la Comisi\u00f3n, con conocimiento y propuesta de los temas planteados, lo cual fue bien mediado y recibido por la secretar\u00eda t\u00e9cnica de la Comisi\u00f3n. As\u00ed mismo, la Plataforma solicit\u00f3 que se extiendan a 04 los representantes de la Plataforma, tema que a\u00fan se encuentra en consulta, pero esperamos una respuesta favorable ya que ello permitir\u00e1 un mayor involucramiento desde la poblaci\u00f3n directamente afectada.<\/p>\n\n\n\n<p>\u00c1rea: Derechos Colectivos y Medio Ambiente &#8211; DECMA. Rut Perez<\/p>","protected":false},"excerpt":{"rendered":"<p>Desde hace m\u00e1s de 3 a\u00f1os, el MINSA ha ratificado que en el Per\u00fa tenemos m\u00e1s de 10 millones de personas en zonas de exposici\u00f3n a metales t\u00f3xicos, motivo por el cual se ha procurado un Plan Especial MULTISECTORIAL con el fin de realizar acciones de prevenci\u00f3n, mitigaci\u00f3n y atenci\u00f3n a su salud. En ese [&hellip;]<\/p>\n","protected":false},"author":1,"featured_media":7197,"comment_status":"open","ping_status":"open","sticky":false,"template":"","format":"standard","meta":{"_monsterinsights_skip_tracking":false,"_monsterinsights_sitenote_active":false,"_monsterinsights_sitenote_note":"","_monsterinsights_sitenote_category":0,"_jetpack_memberships_contains_paid_content":false,"footnotes":"","jetpack_publicize_message":"","jetpack_publicize_feature_enabled":true,"jetpack_social_post_already_shared":false,"jetpack_social_options":{"image_generator_settings":{"template":"highway","default_image_id":0,"font":"","enabled":false},"version":2}},"categories":[1],"tags":[56,57,27,54,55,58],"class_list":["post-7194","post","type-post","status-publish","format-standard","has-post-thumbnail","hentry","category-sin-categoria","tag-mesa-tecnica-de-salud-ambiental-y-humana","tag-metales-pesados","tag-minsa","tag-mulsectorial","tag-oefa","tag-sustancias-quimicas"],"blocksy_meta":[],"jetpack_publicize_connections":[],"jetpack_featured_media_url":"https:\/\/derechosinfronteras.pe\/wp-content\/uploads\/2024\/02\/PLATAFORMA-1.jpg","jetpack_sharing_enabled":true,"jetpack_likes_enabled":true,"_links":{"self":[{"href":"https:\/\/derechosinfronteras.pe\/ingles\/wp-json\/wp\/v2\/posts\/7194","targetHints":{"allow":["GET"]}}],"collection":[{"href":"https:\/\/derechosinfronteras.pe\/ingles\/wp-json\/wp\/v2\/posts"}],"about":[{"href":"https:\/\/derechosinfronteras.pe\/ingles\/wp-json\/wp\/v2\/types\/post"}],"author":[{"embeddable":true,"href":"https:\/\/derechosinfronteras.pe\/ingles\/wp-json\/wp\/v2\/users\/1"}],"replies":[{"embeddable":true,"href":"https:\/\/derechosinfronteras.pe\/ingles\/wp-json\/wp\/v2\/comments?post=7194"}],"version-history":[{"count":3,"href":"https:\/\/derechosinfronteras.pe\/ingles\/wp-json\/wp\/v2\/posts\/7194\/revisions"}],"predecessor-version":[{"id":7202,"href":"https:\/\/derechosinfronteras.pe\/ingles\/wp-json\/wp\/v2\/posts\/7194\/revisions\/7202"}],"wp:featuredmedia":[{"embeddable":true,"href":"https:\/\/derechosinfronteras.pe\/ingles\/wp-json\/wp\/v2\/media\/7197"}],"wp:attachment":[{"href":"https:\/\/derechosinfronteras.pe\/ingles\/wp-json\/wp\/v2\/media?parent=7194"}],"wp:term":[{"taxonomy":"category","embeddable":true,"href":"https:\/\/derechosinfronteras.pe\/ingles\/wp-json\/wp\/v2\/categories?post=7194"},{"taxonomy":"post_tag","embeddable":true,"href":"https:\/\/derechosinfronteras.pe\/ingles\/wp-json\/wp\/v2\/tags?post=7194"}],"curies":[{"name":"wp","href":"https:\/\/api.w.org\/{rel}","templated":true}]}}