{"id":7205,"date":"2024-03-05T10:25:49","date_gmt":"2024-03-05T15:25:49","guid":{"rendered":"https:\/\/derechosinfronteras.pe\/?p=7205"},"modified":"2024-03-05T10:25:53","modified_gmt":"2024-03-05T15:25:53","slug":"criminalizacion-de-dirigentes-en-espinar-mas-de-cuatro-anos-de-proceso-contra-ex-dirigente","status":"publish","type":"post","link":"https:\/\/derechosinfronteras.pe\/ingles\/criminalizacion-de-dirigentes-en-espinar-mas-de-cuatro-anos-de-proceso-contra-ex-dirigente\/","title":{"rendered":"Criminalizaci\u00f3n de dirigentes en Espinar: m\u00e1s de cuatro a\u00f1os de proceso contra ex dirigente"},"content":{"rendered":"<p><strong><em>No obra ninguna denuncia policial, tampoco hay testigos; sin embargo, lleg\u00f3 a una etapa intermedia un hecho que ni siquiera tiene alg\u00fan sustento jur\u00eddico<\/em><\/strong>.<\/p>\n\n\n\n<p>Una de las estrategias de agresi\u00f3n contra defensoras y defensores de derechos humanos y el medio ambiente, especialmente en contextos extractivos, es la criminalizaci\u00f3n de sus defensores, tal es el caso del ex presidente del Frente \u00danico de Defensa de los Intereses de Espinar \u2013 FUDIE, Hilario Ccamarccoa Arohuilca, quien el pasado 4 de marzo tuvo una audiencia m\u00e1s.<\/p>\n\n\n\n<figure class=\"wp-block-image alignright size-full is-resized\"><img fetchpriority=\"high\" decoding=\"async\" width=\"686\" height=\"358\" src=\"https:\/\/derechosinfronteras.pe\/wp-content\/uploads\/2024\/03\/CRIMINALIZACION3.jpg\" alt=\"\" class=\"wp-image-7206\" style=\"width:465px;height:auto\" srcset=\"https:\/\/derechosinfronteras.pe\/wp-content\/uploads\/2024\/03\/CRIMINALIZACION3.jpg 686w, https:\/\/derechosinfronteras.pe\/wp-content\/uploads\/2024\/03\/CRIMINALIZACION3-300x157.jpg 300w\" sizes=\"(max-width: 686px) 100vw, 686px\" \/><\/figure>\n\n\n\n<p>En enero del 2020, Ccamarccoa fue denunciado por el Estado peruano, por el supuesto delito de entorpecimiento de los servicios p\u00fablicos, ya pas\u00f3 m\u00e1s de cuatro a\u00f1os y el Ministerio P\u00fablico no ha probado dicho delito ante el juez que lleva el caso.<\/p>\n\n\n\n<p>Al respecto, en medio de la audiencia, el abogado Aroldo Vera de Derechos Humanos Sin Fronteras que lleva el caso de Ccamarccoa, dio a conocer que este hecho no debi\u00f3 ser formalizado por el Ministerio P\u00fablico ya que no se ajusta el tipo penal, por tanto, no existe delito, sin embargo, Ccamerccoa fue denunciado simple y llanamente por ser dirigente; adem\u00e1s, durante m\u00e1s de cuatro a\u00f1os solo lo mantienen en situaci\u00f3n de investigado justificando insuficiencia probatoria, con el \u00fanico af\u00e1n de debilitar la organizaci\u00f3n social que \u00e9l presid\u00eda, y que sea estigmatizado como dirigente.<\/p>\n\n\n\n<p>Lo que llama la atenci\u00f3n en este caso, es que no obra ninguna denuncia policial, tampoco hay testigos; sin embargo, lleg\u00f3 a una etapa intermedia un hecho que ni siquiera tiene alg\u00fan sustento jur\u00eddico, ni en los hechos ni en los medios probatorios, indic\u00f3 el abogado de la defensa, raz\u00f3n por la cual solicit\u00f3 al Juzgado de Investigaci\u00f3n sea declarado sobreseimiento el caso, es decir, se archive el proceso.<\/p>\n\n\n\n<p>Durante las \u00faltimos protestas sociales, se ha podido observar que el Estado peruano ha utilizado la criminalizaci\u00f3n como una herramienta para silenciar a las y los dirigentes sociales, como dijo Claudia Samayoa, en un Foro Internacional sobre Criminalizaci\u00f3n, el objetivo de la criminalizaci\u00f3n es paralizar o debilitar la respuesta social, fabricar argumentos para desacreditar y estigmatizar las respuestas de defensoras y defensores de derechos humanos ante la injusticia o la ilegalidad; de modo que la sociedad se distancie de quienes son considerados criminales y de esta manera segregar a la sociedad, entre los que est\u00e1n dentro y los que est\u00e1n fuera de la ley. Las empresas y el Estado est\u00e1n con la ley y defensores y defensoras, en la respuesta social, estar\u00edan fuera de la ley.<\/p>\n\n\n\n<p><em>\u00c1rea de Comunicaci\u00f3n e Incidencia Pol\u00edtica &#8211; DHSF<\/em><\/p>","protected":false},"excerpt":{"rendered":"<p>No obra ninguna denuncia policial, tampoco hay testigos; sin embargo, lleg\u00f3 a una etapa intermedia un hecho que ni siquiera tiene alg\u00fan sustento jur\u00eddico. Una de las estrategias de agresi\u00f3n contra defensoras y defensores de derechos humanos y el medio ambiente, especialmente en contextos extractivos, es la criminalizaci\u00f3n de sus defensores, tal es el caso [&hellip;]<\/p>\n","protected":false},"author":1,"featured_media":7207,"comment_status":"open","ping_status":"open","sticky":false,"template":"","format":"standard","meta":{"_monsterinsights_skip_tracking":false,"_monsterinsights_sitenote_active":false,"_monsterinsights_sitenote_note":"","_monsterinsights_sitenote_category":0,"_jetpack_memberships_contains_paid_content":false,"footnotes":"","jetpack_publicize_message":"","jetpack_publicize_feature_enabled":true,"jetpack_social_post_already_shared":false,"jetpack_social_options":{"image_generator_settings":{"template":"highway","default_image_id":0,"font":"","enabled":false},"version":2}},"categories":[1],"tags":[64,66,60,67,61,62,63,65],"class_list":["post-7205","post","type-post","status-publish","format-standard","has-post-thumbnail","hentry","category-sin-categoria","tag-ccamarccoa","tag-claudia-samayoa","tag-criminalizacion-2","tag-defensores-de-derechos-humanos","tag-dirigente","tag-espinar","tag-fudie","tag-sobreseimiento"],"blocksy_meta":[],"jetpack_publicize_connections":[],"jetpack_featured_media_url":"https:\/\/derechosinfronteras.pe\/wp-content\/uploads\/2024\/03\/FOTO-CRIMINALIZACION1.jpg","jetpack_sharing_enabled":true,"jetpack_likes_enabled":true,"_links":{"self":[{"href":"https:\/\/derechosinfronteras.pe\/ingles\/wp-json\/wp\/v2\/posts\/7205","targetHints":{"allow":["GET"]}}],"collection":[{"href":"https:\/\/derechosinfronteras.pe\/ingles\/wp-json\/wp\/v2\/posts"}],"about":[{"href":"https:\/\/derechosinfronteras.pe\/ingles\/wp-json\/wp\/v2\/types\/post"}],"author":[{"embeddable":true,"href":"https:\/\/derechosinfronteras.pe\/ingles\/wp-json\/wp\/v2\/users\/1"}],"replies":[{"embeddable":true,"href":"https:\/\/derechosinfronteras.pe\/ingles\/wp-json\/wp\/v2\/comments?post=7205"}],"version-history":[{"count":2,"href":"https:\/\/derechosinfronteras.pe\/ingles\/wp-json\/wp\/v2\/posts\/7205\/revisions"}],"predecessor-version":[{"id":7209,"href":"https:\/\/derechosinfronteras.pe\/ingles\/wp-json\/wp\/v2\/posts\/7205\/revisions\/7209"}],"wp:featuredmedia":[{"embeddable":true,"href":"https:\/\/derechosinfronteras.pe\/ingles\/wp-json\/wp\/v2\/media\/7207"}],"wp:attachment":[{"href":"https:\/\/derechosinfronteras.pe\/ingles\/wp-json\/wp\/v2\/media?parent=7205"}],"wp:term":[{"taxonomy":"category","embeddable":true,"href":"https:\/\/derechosinfronteras.pe\/ingles\/wp-json\/wp\/v2\/categories?post=7205"},{"taxonomy":"post_tag","embeddable":true,"href":"https:\/\/derechosinfronteras.pe\/ingles\/wp-json\/wp\/v2\/tags?post=7205"}],"curies":[{"name":"wp","href":"https:\/\/api.w.org\/{rel}","templated":true}]}}