{"id":7213,"date":"2024-04-09T19:22:12","date_gmt":"2024-04-10T00:22:12","guid":{"rendered":"https:\/\/derechosinfronteras.pe\/?p=7213"},"modified":"2024-04-09T20:32:05","modified_gmt":"2024-04-10T01:32:05","slug":"desencuentro-en-velille-fracasa-el-dialogo-con-mmg-las-bambas","status":"publish","type":"post","link":"https:\/\/derechosinfronteras.pe\/ingles\/desencuentro-en-velille-fracasa-el-dialogo-con-mmg-las-bambas\/","title":{"rendered":"Desencuentro en Velille: Fracasa el di\u00e1logo con MMG Las Bambas"},"content":{"rendered":"<p><strong><em>Poblaci\u00f3n de Velille pide que el Estado garantice el cumplimiento del convenio marco<\/em><\/strong>.<\/p>\n\n\n\n<p>Hoy se llev\u00f3 a cabo una mesa de di\u00e1logo crucial entre los dirigentes, la poblaci\u00f3n del distrito de Velille y representantes de la empresa minera MMG Las Bambas, en un esfuerzo por abordar las preocupaciones en torno a los compromisos incumplidos por la empresa minera y los impactos negativos de la operaci\u00f3n minera.<\/p>\n\n\n\n<figure class=\"wp-block-image alignright size-full is-resized\"><img fetchpriority=\"high\" decoding=\"async\" width=\"1024\" height=\"768\" src=\"https:\/\/derechosinfronteras.pe\/wp-content\/uploads\/2024\/04\/v2.jpg\" alt=\"\" class=\"wp-image-7214\" style=\"width:369px;height:auto\" srcset=\"https:\/\/derechosinfronteras.pe\/wp-content\/uploads\/2024\/04\/v2.jpg 1024w, https:\/\/derechosinfronteras.pe\/wp-content\/uploads\/2024\/04\/v2-300x225.jpg 300w, https:\/\/derechosinfronteras.pe\/wp-content\/uploads\/2024\/04\/v2-768x576.jpg 768w\" sizes=\"(max-width: 1024px) 100vw, 1024px\" \/><\/figure>\n\n\n\n<p>Con la mediaci\u00f3n de los representantes del Estado a trav\u00e9s de la PCM, Minem y otros entes gubernamentales, los dirigentes de Velille expresaron su descontento por el incumplimiento de los compromisos acordados, particularmente en relaci\u00f3n con el aporte econ\u00f3mico anual estipulado en el convenio marco. A pesar de que el acuerdo establece un aporte anual de un mill\u00f3n y medio de soles para el distrito, la empresa solo quiere reconocer un mill\u00f3n de soles anuales para los a\u00f1os 2022 y 2023.<\/p>\n\n\n\n<p>La poblaci\u00f3n participante se\u00f1al\u00f3 los m\u00faltiples problemas que han surgido desde la llegada de MMG Las Bambas al distrito de Velille, incluida la divisi\u00f3n de la poblaci\u00f3n y las comunidades, la contaminaci\u00f3n ambiental y los impactos negativos en la agricultura y ganader\u00eda, actividades principales del distrito. Adem\u00e1s, destacaron el deterioro de las v\u00edas causado por el tr\u00e1fico de camiones encapsulados de la empresa minera, lo que agrava a\u00fan m\u00e1s la situaci\u00f3n agr\u00edcola debido a la polvareda generada.<\/p>\n\n\n\n<p>Tras horas de deliberaci\u00f3n, las partes no lograron llegar a un acuerdo satisfactorio para el beneficio de Velille. Los dirigentes y la poblaci\u00f3n presente en la mesa de di\u00e1logo anunciaron su decisi\u00f3n de continuar con las protestas hasta que el Estado garantice el cumplimiento de los compromisos establecidos en el convenio marco entre el distrito de Velille y MMG Las Bambas. (Foto:web)<\/p>\n\n\n\n<p><em><strong>\u00c1rea de Comunicaci\u00f3n e Incidencia Pol\u00edtica &#8211; DHSF. Velille, 9 de abril de 2024<\/strong><\/em><\/p>","protected":false},"excerpt":{"rendered":"<p>Poblaci\u00f3n de Velille pide que el Estado garantice el cumplimiento del convenio marco. Hoy se llev\u00f3 a cabo una mesa de di\u00e1logo crucial entre los dirigentes, la poblaci\u00f3n del distrito de Velille y representantes de la empresa minera MMG Las Bambas, en un esfuerzo por abordar las preocupaciones en torno a los compromisos incumplidos por [&hellip;]<\/p>\n","protected":false},"author":1,"featured_media":7214,"comment_status":"open","ping_status":"open","sticky":false,"template":"","format":"standard","meta":{"_monsterinsights_skip_tracking":false,"_monsterinsights_sitenote_active":false,"_monsterinsights_sitenote_note":"","_monsterinsights_sitenote_category":0,"_jetpack_memberships_contains_paid_content":false,"footnotes":"","jetpack_publicize_message":"","jetpack_publicize_feature_enabled":true,"jetpack_social_post_already_shared":false,"jetpack_social_options":{"image_generator_settings":{"template":"highway","default_image_id":0,"font":"","enabled":false},"version":2}},"categories":[1],"tags":[72,71,69,70],"class_list":["post-7213","post","type-post","status-publish","format-standard","has-post-thumbnail","hentry","category-sin-categoria","tag-contaminacion-ambiental","tag-convenio-marco","tag-mmg-las-bambas","tag-velille"],"blocksy_meta":[],"jetpack_publicize_connections":[],"jetpack_featured_media_url":"https:\/\/derechosinfronteras.pe\/wp-content\/uploads\/2024\/04\/v2.jpg","jetpack_sharing_enabled":true,"jetpack_likes_enabled":true,"_links":{"self":[{"href":"https:\/\/derechosinfronteras.pe\/ingles\/wp-json\/wp\/v2\/posts\/7213","targetHints":{"allow":["GET"]}}],"collection":[{"href":"https:\/\/derechosinfronteras.pe\/ingles\/wp-json\/wp\/v2\/posts"}],"about":[{"href":"https:\/\/derechosinfronteras.pe\/ingles\/wp-json\/wp\/v2\/types\/post"}],"author":[{"embeddable":true,"href":"https:\/\/derechosinfronteras.pe\/ingles\/wp-json\/wp\/v2\/users\/1"}],"replies":[{"embeddable":true,"href":"https:\/\/derechosinfronteras.pe\/ingles\/wp-json\/wp\/v2\/comments?post=7213"}],"version-history":[{"count":7,"href":"https:\/\/derechosinfronteras.pe\/ingles\/wp-json\/wp\/v2\/posts\/7213\/revisions"}],"predecessor-version":[{"id":7226,"href":"https:\/\/derechosinfronteras.pe\/ingles\/wp-json\/wp\/v2\/posts\/7213\/revisions\/7226"}],"wp:featuredmedia":[{"embeddable":true,"href":"https:\/\/derechosinfronteras.pe\/ingles\/wp-json\/wp\/v2\/media\/7214"}],"wp:attachment":[{"href":"https:\/\/derechosinfronteras.pe\/ingles\/wp-json\/wp\/v2\/media?parent=7213"}],"wp:term":[{"taxonomy":"category","embeddable":true,"href":"https:\/\/derechosinfronteras.pe\/ingles\/wp-json\/wp\/v2\/categories?post=7213"},{"taxonomy":"post_tag","embeddable":true,"href":"https:\/\/derechosinfronteras.pe\/ingles\/wp-json\/wp\/v2\/tags?post=7213"}],"curies":[{"name":"wp","href":"https:\/\/api.w.org\/{rel}","templated":true}]}}