{"id":7347,"date":"2024-06-17T16:41:56","date_gmt":"2024-06-17T21:41:56","guid":{"rendered":"https:\/\/derechosinfronteras.pe\/?p=7347"},"modified":"2024-06-17T17:04:18","modified_gmt":"2024-06-17T22:04:18","slug":"en-el-nombre-de-los-hijos","status":"publish","type":"post","link":"https:\/\/derechosinfronteras.pe\/ingles\/en-el-nombre-de-los-hijos\/","title":{"rendered":"EN EL NOMBRE DE LOS HIJOS. \u00abMemoria y dolor: padres no pudieron abrazar a hijos perdidos en represi\u00f3n policial\u00bb"},"content":{"rendered":"<p>Jos\u00e9 Florez y Dani Quispe no pudieron abrazar ni saludar a sus hijos el \u00faltimo tercer domingo de junio. Tampoco compartieron un almuerzo ni un momento con ellos. Sus hijos perdieron la vida durante la represi\u00f3n policial ordenada por el gobierno de Dina Boluarte para sofocar las protestas contra el gobierno. Al igual que ellos, otros cuarenta y ocho padres y madres pasaron ese d\u00eda de luto, esperando justicia.<\/p>\n\n\n\n<p>Jos\u00e9 Flores se prepara para hablar, pero se detiene, su mirada perdida en el vac\u00edo. Lucha por encontrar las palabras que se le escapan desde hace horas. Con una botella de ca\u00f1azo en la mano, se mueve hacia el centro de un c\u00edrculo de personas. Cada vez que intenta mencionar a Rosalino, hace una mueca, respira profundamente y evoca al hijo cari\u00f1oso, al joven alegre, al hermano consentido, al padre que no llegar\u00e1 a ser. Se acerca a cada uno de los presentes y va vertiendo un peque\u00f1o chorro de ca\u00f1azo sobre el suelo. Luego, saluda al doctor, al amigo, al compa\u00f1ero, a todos, y les agradece por estar ah\u00ed. Guarda silencio unos segundos, remoja su tristeza en la bebida, se le afloja la pena y las palabras tambi\u00e9n. Levanta el vasito de pl\u00e1stico y, con voz solemne, pronuncia: \u00abPor Rosalino\u00bb, dejando caer otro chorrito sobre la tierra.<\/p>\n\n\n\n<figure class=\"wp-block-image size-full\"><img fetchpriority=\"high\" decoding=\"async\" width=\"800\" height=\"600\" src=\"https:\/\/derechosinfronteras.pe\/wp-content\/uploads\/2024\/06\/WhatsApp-Image-2024-06-17-at-3.25.29-PM.jpeg\" alt=\"\" class=\"wp-image-7348\" srcset=\"https:\/\/derechosinfronteras.pe\/wp-content\/uploads\/2024\/06\/WhatsApp-Image-2024-06-17-at-3.25.29-PM.jpeg 800w, https:\/\/derechosinfronteras.pe\/wp-content\/uploads\/2024\/06\/WhatsApp-Image-2024-06-17-at-3.25.29-PM-300x225.jpeg 300w, https:\/\/derechosinfronteras.pe\/wp-content\/uploads\/2024\/06\/WhatsApp-Image-2024-06-17-at-3.25.29-PM-768x576.jpeg 768w\" sizes=\"(max-width: 800px) 100vw, 800px\" \/><\/figure>\n\n\n\n<p>Hace un a\u00f1o, Rosalino Flores Valverde fue enterrado en el cementerio de Conchacalla, en San Jer\u00f3nimo, Cusco. Su tumba es sencilla, con una cruz de hierro negro y una l\u00e1pida que lleva grabada la frase: \u201cCon tu partida dejaste una cicatriz en el coraz\u00f3n de tu pueblo. Siempre te recordaremos Nerito\u201d. El 22 de marzo familiares, amigos, y vecinos se han reunido en el cementerio para la misa del primer aniversario de su muerte.<\/p>\n\n\n\n<p>Rosalino falleci\u00f3 ese d\u00eda hace un a\u00f1o en un hospital de Lima, tras sesenta d\u00edas de dolorosa agon\u00eda. El 11 de enero de 2023, un polic\u00eda le dispar\u00f3 35 perdigones de plomo por la espalda, caus\u00e1ndole graves da\u00f1os intestinales que requirieron la extirpaci\u00f3n de casi un tercio de este \u00f3rgano y afectando otros \u00f3rganos.<\/p>\n\n\n\n<p>Cuando le preguntan sobre su incansable b\u00fasqueda desde el 22 de marzo de 2023, Jos\u00e9, su padre, responde con dolor: \u201cQuiero justicia, pap\u00e1\u201d. Esta b\u00fasqueda dolorosa y prolongada es compartida por los padres, madres, hijos y hermanos de las otras cuarenta y ocho v\u00edctimas de la represi\u00f3n del gobierno de Dina Boluarte<\/p>\n\n\n\n<p>Dani Quispe es el padre de Beckham Romario Quispe Garfias, un joven de 19 a\u00f1os que era estudiante y deportista. Beckham Romario fue asesinado el 12 de diciembre en el aeropuerto de Andahuaylas, Apur\u00edmac. Aunque el asesino a\u00fan no ha sido identificado, Dani Quispe ha mostrado a los medios fotograf\u00edas de la grave herida en la cabeza de su hijo, indicando que solo un arma de largo alcance podr\u00eda haber causado tal da\u00f1o.<\/p>\n\n\n\n<p>Tras la muerte de su hijo, Dani Quispe fue elegido presidente de la Asociaci\u00f3n de V\u00edctimas de la represi\u00f3n en las protestas de Andahuaylas y Chincheros, Apur\u00edmac. As\u00ed comenz\u00f3 su largo y arduo camino en busca de justicia no solo por la muerte de su hijo, sino tambi\u00e9n por la de los hijos de las otras v\u00edctimas del gobierno.<\/p>\n\n\n\n<p>Dani Quispe ha declarado que todos \u00abbuscamos justicia\u00bb. Tambi\u00e9n ha rechazado la acusaci\u00f3n del gobierno de que las protestas fueron motivadas por el narcotr\u00e1fico o por delincuentes. En sus palabras a Ojo P\u00fablico, afirm\u00f3: \u00abNosotros no somos delincuentes ni asesinos. Somos agricultores. Lo que queremos es justicia\u00bb. Al igual que Jos\u00e9 Florez y Dani Quispe, cuarenta y ocho padres y madres en Per\u00fa no pudieron este tercer domingo de junio recibir el saludo ni el abrazo de sus hijos, ni compartir un almuerzo o un momento familiar juntos. Estas familias est\u00e1n atrapadas en el luto permanente y en la b\u00fasqueda de justicia, despu\u00e9s de que el gobierno de Dina Boluarte decidiera reprimir a los ciudadanos para contener las protestas antigubernamentales entre diciembre de 2022 y febrero de 2023.<\/p>\n\n\n\n<p>DHSF.<\/p>","protected":false},"excerpt":{"rendered":"<p>Jos\u00e9 Florez y Dani Quispe no pudieron abrazar ni saludar a sus hijos el \u00faltimo tercer domingo de junio. Tampoco compartieron un almuerzo ni un momento con ellos. Sus hijos perdieron la vida durante la represi\u00f3n policial ordenada por el gobierno de Dina Boluarte para sofocar las protestas contra el gobierno. Al igual que ellos, [&hellip;]<\/p>\n","protected":false},"author":1,"featured_media":7348,"comment_status":"open","ping_status":"open","sticky":false,"template":"","format":"standard","meta":{"_monsterinsights_skip_tracking":false,"_monsterinsights_sitenote_active":false,"_monsterinsights_sitenote_note":"","_monsterinsights_sitenote_category":0,"_jetpack_memberships_contains_paid_content":false,"footnotes":"","jetpack_publicize_message":"","jetpack_publicize_feature_enabled":true,"jetpack_social_post_already_shared":false,"jetpack_social_options":{"image_generator_settings":{"template":"highway","default_image_id":0,"font":"","enabled":false},"version":2}},"categories":[1],"tags":[93,92,87,86,90,89],"class_list":["post-7347","post","type-post","status-publish","format-standard","has-post-thumbnail","hentry","category-sin-categoria","tag-andahuaylas","tag-apurimac","tag-dani-quispe","tag-jose-florez","tag-represion-policial","tag-rosalino-florez"],"blocksy_meta":[],"jetpack_publicize_connections":[],"jetpack_featured_media_url":"https:\/\/derechosinfronteras.pe\/wp-content\/uploads\/2024\/06\/WhatsApp-Image-2024-06-17-at-3.25.29-PM.jpeg","jetpack_sharing_enabled":true,"jetpack_likes_enabled":true,"_links":{"self":[{"href":"https:\/\/derechosinfronteras.pe\/ingles\/wp-json\/wp\/v2\/posts\/7347","targetHints":{"allow":["GET"]}}],"collection":[{"href":"https:\/\/derechosinfronteras.pe\/ingles\/wp-json\/wp\/v2\/posts"}],"about":[{"href":"https:\/\/derechosinfronteras.pe\/ingles\/wp-json\/wp\/v2\/types\/post"}],"author":[{"embeddable":true,"href":"https:\/\/derechosinfronteras.pe\/ingles\/wp-json\/wp\/v2\/users\/1"}],"replies":[{"embeddable":true,"href":"https:\/\/derechosinfronteras.pe\/ingles\/wp-json\/wp\/v2\/comments?post=7347"}],"version-history":[{"count":6,"href":"https:\/\/derechosinfronteras.pe\/ingles\/wp-json\/wp\/v2\/posts\/7347\/revisions"}],"predecessor-version":[{"id":7358,"href":"https:\/\/derechosinfronteras.pe\/ingles\/wp-json\/wp\/v2\/posts\/7347\/revisions\/7358"}],"wp:featuredmedia":[{"embeddable":true,"href":"https:\/\/derechosinfronteras.pe\/ingles\/wp-json\/wp\/v2\/media\/7348"}],"wp:attachment":[{"href":"https:\/\/derechosinfronteras.pe\/ingles\/wp-json\/wp\/v2\/media?parent=7347"}],"wp:term":[{"taxonomy":"category","embeddable":true,"href":"https:\/\/derechosinfronteras.pe\/ingles\/wp-json\/wp\/v2\/categories?post=7347"},{"taxonomy":"post_tag","embeddable":true,"href":"https:\/\/derechosinfronteras.pe\/ingles\/wp-json\/wp\/v2\/tags?post=7347"}],"curies":[{"name":"wp","href":"https:\/\/api.w.org\/{rel}","templated":true}]}}