{"id":7361,"date":"2024-07-18T18:02:55","date_gmt":"2024-07-18T23:02:55","guid":{"rendered":"https:\/\/derechosinfronteras.pe\/?p=7361"},"modified":"2024-07-18T18:02:57","modified_gmt":"2024-07-18T23:02:57","slug":"construccion-de-campamento-para-proyecto-minero-en-cabecera-de-cuenca-de-rio-santo-tomas-genera-preocupacion","status":"publish","type":"post","link":"https:\/\/derechosinfronteras.pe\/ingles\/construccion-de-campamento-para-proyecto-minero-en-cabecera-de-cuenca-de-rio-santo-tomas-genera-preocupacion\/","title":{"rendered":"\u00abCONSTRUCCI\u00d3N DE CAMPAMENTO PARA PROYECTO MINERO EN CABECERA DE CUENCA DE R\u00cdO SANTO TOM\u00c1S GENERA PREOCUPACI\u00d3N\u00bb"},"content":{"rendered":"<p><strong><em>Proyecto Minero CRESPO planea iniciar actividades el 2025, y podr\u00eda afectar r\u00edos de varios distritos de Chumbivilcas e impactar negativamente el medio ambiente.<\/em><\/strong><\/p>\n\n\n\n<p>Los r\u00edos de los distritos de Llusco, Colquemarca, Santo Tom\u00e1s y otros, as\u00ed como las de varias comunidades campesinas, podr\u00edan verse afectados por el proyecto minero CRESPO. La empresa minera Apumayo SAC est\u00e1 construyendo un campamento minero en la cabecera del r\u00edo Santo Tom\u00e1s y planea iniciar sus actividades mineras el 2025. Este proyecto pone en riesgo los r\u00edos que son vitales para la agricultura, ganader\u00eda y la salud de la poblaci\u00f3n local, seg\u00fan dieron a conocer los dirigentes de la provincia de Chumbivilcas en una reuni\u00f3n realizada el 18 de julio en el teatr\u00edn municipal de Chumbivilcas.<\/p>\n\n\n\n<p>En mayo de este a\u00f1o, varios dirigentes y representantes de organizaciones sociales de la provincia visitaron la cabecera de cuenca del r\u00edo Santo Tom\u00e1s, ubicado en la comunidad campesina de Collpa Cashahui y Yuracc Cancha del distrito de Llusco, encontrando a trabajadores de la empresa minera Grupo Apumayo SAC haciendo trabajos de instalaci\u00f3n del campamento minero. Los pobladores se mostraron alarmados por la proximidad del proyecto minero a la cabecera de cuenca y expresaron su rechazo al proyecto, ya que temen que contaminar\u00e1n el agua de los r\u00edos que utilizan para su vida diaria.<\/p>\n\n\n\n<figure class=\"wp-block-image size-large is-resized\"><img fetchpriority=\"high\" decoding=\"async\" width=\"1024\" height=\"501\" src=\"https:\/\/derechosinfronteras.pe\/wp-content\/uploads\/2024\/07\/FOTO-LLUSCO-1024x501.jpg\" alt=\"\" class=\"wp-image-7362\" style=\"width:589px;height:auto\" srcset=\"https:\/\/derechosinfronteras.pe\/wp-content\/uploads\/2024\/07\/FOTO-LLUSCO-1024x501.jpg 1024w, https:\/\/derechosinfronteras.pe\/wp-content\/uploads\/2024\/07\/FOTO-LLUSCO-300x147.jpg 300w, https:\/\/derechosinfronteras.pe\/wp-content\/uploads\/2024\/07\/FOTO-LLUSCO-768x376.jpg 768w, https:\/\/derechosinfronteras.pe\/wp-content\/uploads\/2024\/07\/FOTO-LLUSCO-1536x751.jpg 1536w, https:\/\/derechosinfronteras.pe\/wp-content\/uploads\/2024\/07\/FOTO-LLUSCO.jpg 1773w\" sizes=\"(max-width: 1024px) 100vw, 1024px\" \/><\/figure>\n\n\n\n<p>El 15 de julio, el Frente \u00danico de los Intereses de Santo Tom\u00e1s \u2013 Chumbivilcas, los representantes de los frentes \u00fanicos de defensa de los distritos de la provincia de Chumbivilcas, autoridades comunales, rondas campesinas, liga agraria, organizaciones sociales de base y poblaci\u00f3n en general emitieron un pronunciamiento en el que criticaron a varias instituciones del Estado, como el Ministerio de Energ\u00eda y Minas, la PCM, SENACE, OEFA, ALA, y la Defensor\u00eda del Pueblo, as\u00ed como a la empresa minera Apumayo SAC (proyecto minero Crespo) por no haber asistido a una reuni\u00f3n convocada para el 30 de junio donde se ten\u00eda que discutir dicho proyecto minero.<\/p>\n\n\n\n<figure class=\"wp-block-image size-large is-resized\"><img decoding=\"async\" width=\"1024\" height=\"751\" src=\"https:\/\/derechosinfronteras.pe\/wp-content\/uploads\/2024\/07\/PRONUNCIAMIENTO-1024x751.jpg\" alt=\"\" class=\"wp-image-7363\" style=\"width:484px;height:auto\" srcset=\"https:\/\/derechosinfronteras.pe\/wp-content\/uploads\/2024\/07\/PRONUNCIAMIENTO-1024x751.jpg 1024w, https:\/\/derechosinfronteras.pe\/wp-content\/uploads\/2024\/07\/PRONUNCIAMIENTO-300x220.jpg 300w, https:\/\/derechosinfronteras.pe\/wp-content\/uploads\/2024\/07\/PRONUNCIAMIENTO-768x563.jpg 768w, https:\/\/derechosinfronteras.pe\/wp-content\/uploads\/2024\/07\/PRONUNCIAMIENTO-1536x1127.jpg 1536w, https:\/\/derechosinfronteras.pe\/wp-content\/uploads\/2024\/07\/PRONUNCIAMIENTO.jpg 2001w\" sizes=\"(max-width: 1024px) 100vw, 1024px\" \/><\/figure>\n\n\n\n<p>El 18 de julio, se realiz\u00f3 otra reuni\u00f3n en el teatr\u00edn municipal de Chumbivilcas, a donde fueron invitados las autoridades, representantes del Estado y la empresa minera. Solo asistieron representantes de la Defensor\u00eda del Pueblo y del Gobierno Regional de Cusco. Al finalizar la reuni\u00f3n se acord\u00f3 convocar una \u00faltima reuni\u00f3n para el 31 de julio, donde estar\u00e1n presentes los dirigentes y la poblaci\u00f3n, y donde esperan tener la presencia de las instituciones del Estado y la empresa minera Apumayo SAC.<\/p>\n\n\n\n<p>\u00c1rea de Comunicaci\u00f3n e Incidencia Pol\u00edtica &#8211; DHSF<\/p>","protected":false},"excerpt":{"rendered":"<p>Proyecto Minero CRESPO planea iniciar actividades el 2025, y podr\u00eda afectar r\u00edos de varios distritos de Chumbivilcas e impactar negativamente el medio ambiente. Los r\u00edos de los distritos de Llusco, Colquemarca, Santo Tom\u00e1s y otros, as\u00ed como las de varias comunidades campesinas, podr\u00edan verse afectados por el proyecto minero CRESPO. La empresa minera Apumayo SAC [&hellip;]<\/p>\n","protected":false},"author":1,"featured_media":7362,"comment_status":"open","ping_status":"open","sticky":false,"template":"","format":"standard","meta":{"_monsterinsights_skip_tracking":false,"_monsterinsights_sitenote_active":false,"_monsterinsights_sitenote_note":"","_monsterinsights_sitenote_category":0,"_jetpack_memberships_contains_paid_content":false,"footnotes":"","jetpack_publicize_message":"","jetpack_publicize_feature_enabled":true,"jetpack_social_post_already_shared":false,"jetpack_social_options":{"image_generator_settings":{"template":"highway","enabled":false},"version":2}},"categories":[1],"tags":[94,80,98,97,99,96,100,95,101],"class_list":["post-7361","post","type-post","status-publish","format-standard","has-post-thumbnail","hentry","category-sin-categoria","tag-cabecera-de-cuenca","tag-chumbivilcas","tag-colquemarca","tag-llusco","tag-minera-apumayo-sac","tag-proyecto-minero","tag-proyecto-minero-crespo","tag-santo-tomas","tag-senace"],"blocksy_meta":[],"jetpack_publicize_connections":[],"jetpack_featured_media_url":"https:\/\/derechosinfronteras.pe\/wp-content\/uploads\/2024\/07\/FOTO-LLUSCO.jpg","jetpack_sharing_enabled":true,"jetpack_likes_enabled":true,"_links":{"self":[{"href":"https:\/\/derechosinfronteras.pe\/ingles\/wp-json\/wp\/v2\/posts\/7361","targetHints":{"allow":["GET"]}}],"collection":[{"href":"https:\/\/derechosinfronteras.pe\/ingles\/wp-json\/wp\/v2\/posts"}],"about":[{"href":"https:\/\/derechosinfronteras.pe\/ingles\/wp-json\/wp\/v2\/types\/post"}],"author":[{"embeddable":true,"href":"https:\/\/derechosinfronteras.pe\/ingles\/wp-json\/wp\/v2\/users\/1"}],"replies":[{"embeddable":true,"href":"https:\/\/derechosinfronteras.pe\/ingles\/wp-json\/wp\/v2\/comments?post=7361"}],"version-history":[{"count":2,"href":"https:\/\/derechosinfronteras.pe\/ingles\/wp-json\/wp\/v2\/posts\/7361\/revisions"}],"predecessor-version":[{"id":7365,"href":"https:\/\/derechosinfronteras.pe\/ingles\/wp-json\/wp\/v2\/posts\/7361\/revisions\/7365"}],"wp:featuredmedia":[{"embeddable":true,"href":"https:\/\/derechosinfronteras.pe\/ingles\/wp-json\/wp\/v2\/media\/7362"}],"wp:attachment":[{"href":"https:\/\/derechosinfronteras.pe\/ingles\/wp-json\/wp\/v2\/media?parent=7361"}],"wp:term":[{"taxonomy":"category","embeddable":true,"href":"https:\/\/derechosinfronteras.pe\/ingles\/wp-json\/wp\/v2\/categories?post=7361"},{"taxonomy":"post_tag","embeddable":true,"href":"https:\/\/derechosinfronteras.pe\/ingles\/wp-json\/wp\/v2\/tags?post=7361"}],"curies":[{"name":"wp","href":"https:\/\/api.w.org\/{rel}","templated":true}]}}