{"id":7367,"date":"2024-08-01T19:41:25","date_gmt":"2024-08-02T00:41:25","guid":{"rendered":"https:\/\/derechosinfronteras.pe\/?p=7367"},"modified":"2024-08-01T22:56:00","modified_gmt":"2024-08-02T03:56:00","slug":"justicia-peruana-castiga-a-quienes-se-oponen-al-gobierno-sentencia-de-6-y-7-anos-para-jovenes-de-comunidad-originaria-en-cusco","status":"publish","type":"post","link":"https:\/\/derechosinfronteras.pe\/ingles\/justicia-peruana-castiga-a-quienes-se-oponen-al-gobierno-sentencia-de-6-y-7-anos-para-jovenes-de-comunidad-originaria-en-cusco\/","title":{"rendered":"JUSTICIA PERUANA CASTIGA A QUIENES SE OPONEN AL GOBIERNO: SENTENCIA DE 6 Y 7 A\u00d1OS PARA J\u00d3VENES DE COMUNIDAD ORIGINARIA EN CUSCO"},"content":{"rendered":"<p><strong><em>Poder Judicial sigue criminalizando a quienes protestas contra este gobierno<\/em><\/strong><\/p>\n\n\n\n<p>Los cuatro j\u00f3venes de la comunidad originaria de Cuyo Grande, ubicada en el distrito de Pisaq, provincia de Calca, Cusco, fueron sentenciados recientemente. Los sentenciados son: Richard Camala Ccoyo (22), Ferdinan Huacanqui Yucra (33), Redy Huam\u00e1n Camala (22) y Joel David Hivallanca Huam\u00e1n (20). Los jueces superiores Mario Hugo Silva Astete, Elizabeth Grossman Casas y Smilly Bedoya Gald\u00f3s decidieron no aplicar la justicia intercultural y confirmaron sentencias de seis y siete a\u00f1os de prisi\u00f3n efectiva para los j\u00f3venes.<\/p>\n\n\n\n<figure class=\"wp-block-image size-large\"><img fetchpriority=\"high\" decoding=\"async\" width=\"1024\" height=\"614\" src=\"https:\/\/derechosinfronteras.pe\/wp-content\/uploads\/2024\/08\/cuyo-grande-1-1-1024x614.jpg\" alt=\"\" class=\"wp-image-7375\" srcset=\"https:\/\/derechosinfronteras.pe\/wp-content\/uploads\/2024\/08\/cuyo-grande-1-1-1024x614.jpg 1024w, https:\/\/derechosinfronteras.pe\/wp-content\/uploads\/2024\/08\/cuyo-grande-1-1-300x180.jpg 300w, https:\/\/derechosinfronteras.pe\/wp-content\/uploads\/2024\/08\/cuyo-grande-1-1-768x460.jpg 768w, https:\/\/derechosinfronteras.pe\/wp-content\/uploads\/2024\/08\/cuyo-grande-1-1-1536x920.jpg 1536w, https:\/\/derechosinfronteras.pe\/wp-content\/uploads\/2024\/08\/cuyo-grande-1-1.jpg 1642w\" sizes=\"(max-width: 1024px) 100vw, 1024px\" \/><\/figure>\n\n\n\n<p>Desde su detenci\u00f3n el 31 de enero de 2023 en Cusco, creemos que hubo discriminaci\u00f3n y persecuci\u00f3n por parte de las autoridades policiales y judiciales. Los j\u00f3venes hab\u00edan llegado a Cusco junto con miembros de su comunidad para protestar contra el r\u00e9gimen de Dina Boluarte y el Congreso de la Rep\u00fablica, as\u00ed como en respuesta al asesinato de Remo Candia, dirigente de Anta, Cusco, y las graves heridas infligidas a Rosalino Florez, de la comunidad campesina de Conchacalla, Cusco, quien fue herido con m\u00e1s de 30 perdigones a quemarropa a menos de dos metros por un polic\u00eda que hasta el momento se encuentra pr\u00f3fugo de la justicia. Rosalino Florez muri\u00f3 meses despu\u00e9s debido a las graves heridas.<\/p>\n\n\n\n<p>El 31 de enero de 2023, los comuneros de Cuyo Grande se movilizaron por las principales arterias de Cusco para protestar. Tras concluir su marcha, la polic\u00eda nacional los esper\u00f3 en la calle Puputi, cerca del Mercado Rosaspata, donde reprimi\u00f3 a los manifestantes y detuvo arbitrariamente a cinco j\u00f3venes, acus\u00e1ndolos de actos vand\u00e1licos durante las protestas. Los abogados de los detenidos, tanto particulares como de Derechos Humanos Sin Fronteras, criticaron la intervenci\u00f3n de la Fiscal\u00eda de Crimen Organizado, argumentando que esta acci\u00f3n parec\u00eda tener el objetivo de criminalizar las protestas. Uno de los detenidos, patrocinado por el abogado de Derechos Humanos Sin Fronteras, fue liberado tras demostrar la falta de cargos en su contra. A pesar de esto, un fiscal solicit\u00f3 prisi\u00f3n preventiva para los otros cuatro j\u00f3venes, y un juez aprob\u00f3 esta medida alegando que los campesinos no tienen arraigo domiciliario de calidad.<\/p>\n\n\n\n<figure class=\"wp-block-image size-full\"><img decoding=\"async\" width=\"566\" height=\"568\" src=\"https:\/\/derechosinfronteras.pe\/wp-content\/uploads\/2024\/08\/ARRAIGO-DOMICILIARIO.jpg\" alt=\"\" class=\"wp-image-7369\" srcset=\"https:\/\/derechosinfronteras.pe\/wp-content\/uploads\/2024\/08\/ARRAIGO-DOMICILIARIO.jpg 566w, https:\/\/derechosinfronteras.pe\/wp-content\/uploads\/2024\/08\/ARRAIGO-DOMICILIARIO-300x300.jpg 300w, https:\/\/derechosinfronteras.pe\/wp-content\/uploads\/2024\/08\/ARRAIGO-DOMICILIARIO-150x150.jpg 150w\" sizes=\"(max-width: 566px) 100vw, 566px\" \/><\/figure>\n\n\n\n<p><strong>A LOS J\u00d3VENES LES HICIERON FIRMARON ACTAS DE INTERVENCI\u00d3N SIN LEER<\/strong><\/p>\n\n\n\n<p>Durante la intervenci\u00f3n policial y la posterior detenci\u00f3n, se cometieron varias irregularidades, seg\u00fan los abogados defensores. Entre ellas, se destaca que en la comisar\u00eda de Tahuantinsuyo se redactaron actas de registro e intervenci\u00f3n que los detenidos firmaron sin poder leer, siendo uno de ellos analfabeto. Adem\u00e1s, los abogados se\u00f1alaron que los polic\u00edas formaron una comisi\u00f3n para buscar a supuestos agraviados y luego los trajeron en camionetas a la comisar\u00eda de Tahuantinsuyo, como lo corroboran fotograf\u00edas de las placas de las camionetas.<\/p>\n\n\n\n<p><strong>NO HAY PRUEBAS<\/strong><\/p>\n\n\n\n<p>Los abogados defensores coincidieron en que no existe evidencia que confirme la presencia de los j\u00f3venes en los disturbios. Las supuestas v\u00edctimas basaron sus alegatos en descripciones de la ropa de los detenidos, pero los colores descritos no coincid\u00edan con los que los acusados portaban. \u00abLas pruebas se basan \u00fanicamente en testimonios contradictorios y carecen de suficiencia probatoria\u00bb, explic\u00f3 uno de los defensores.<\/p>\n\n\n\n<p>Este caso ha conmocionado a la sociedad cusque\u00f1a y peruana, especialmente considerando que los j\u00f3venes, pertenecientes a una comunidad originaria, fueron condenados por el simple hecho de protestar contra un gobierno que, a trav\u00e9s de las fuerzas armadas y policiales, caus\u00f3 la muerte de 49 personas y dej\u00f3 a cientos de heridos. Hasta la fecha, la justicia peruana y la polic\u00eda nacional no han logrado sentenciar ni detener a los responsables de estas muertes.<\/p>\n\n\n\n<p>\u00c1rea de Comunicaci\u00f3n e Incidencia Pol\u00edtica &#8211; DHSF<\/p>","protected":false},"excerpt":{"rendered":"<p>Poder Judicial sigue criminalizando a quienes protestas contra este gobierno Los cuatro j\u00f3venes de la comunidad originaria de Cuyo Grande, ubicada en el distrito de Pisaq, provincia de Calca, Cusco, fueron sentenciados recientemente. Los sentenciados son: Richard Camala Ccoyo (22), Ferdinan Huacanqui Yucra (33), Redy Huam\u00e1n Camala (22) y Joel David Hivallanca Huam\u00e1n (20). Los [&hellip;]<\/p>\n","protected":false},"author":1,"featured_media":7374,"comment_status":"open","ping_status":"open","sticky":false,"template":"","format":"standard","meta":{"_monsterinsights_skip_tracking":false,"_monsterinsights_sitenote_active":false,"_monsterinsights_sitenote_note":"","_monsterinsights_sitenote_category":0,"_jetpack_memberships_contains_paid_content":false,"footnotes":"","jetpack_publicize_message":"","jetpack_publicize_feature_enabled":true,"jetpack_social_post_already_shared":false,"jetpack_social_options":{"image_generator_settings":{"template":"highway","enabled":false},"version":2}},"categories":[1],"tags":[105,103],"class_list":["post-7367","post","type-post","status-publish","format-standard","has-post-thumbnail","hentry","category-sin-categoria","tag-criminalizacion-de-la-protesta","tag-jovenes-de-cuyo-grande"],"blocksy_meta":[],"jetpack_publicize_connections":[],"jetpack_featured_media_url":"https:\/\/derechosinfronteras.pe\/wp-content\/uploads\/2024\/08\/cuyo-grande-1.jpg","jetpack_sharing_enabled":true,"jetpack_likes_enabled":true,"_links":{"self":[{"href":"https:\/\/derechosinfronteras.pe\/ingles\/wp-json\/wp\/v2\/posts\/7367","targetHints":{"allow":["GET"]}}],"collection":[{"href":"https:\/\/derechosinfronteras.pe\/ingles\/wp-json\/wp\/v2\/posts"}],"about":[{"href":"https:\/\/derechosinfronteras.pe\/ingles\/wp-json\/wp\/v2\/types\/post"}],"author":[{"embeddable":true,"href":"https:\/\/derechosinfronteras.pe\/ingles\/wp-json\/wp\/v2\/users\/1"}],"replies":[{"embeddable":true,"href":"https:\/\/derechosinfronteras.pe\/ingles\/wp-json\/wp\/v2\/comments?post=7367"}],"version-history":[{"count":4,"href":"https:\/\/derechosinfronteras.pe\/ingles\/wp-json\/wp\/v2\/posts\/7367\/revisions"}],"predecessor-version":[{"id":7377,"href":"https:\/\/derechosinfronteras.pe\/ingles\/wp-json\/wp\/v2\/posts\/7367\/revisions\/7377"}],"wp:featuredmedia":[{"embeddable":true,"href":"https:\/\/derechosinfronteras.pe\/ingles\/wp-json\/wp\/v2\/media\/7374"}],"wp:attachment":[{"href":"https:\/\/derechosinfronteras.pe\/ingles\/wp-json\/wp\/v2\/media?parent=7367"}],"wp:term":[{"taxonomy":"category","embeddable":true,"href":"https:\/\/derechosinfronteras.pe\/ingles\/wp-json\/wp\/v2\/categories?post=7367"},{"taxonomy":"post_tag","embeddable":true,"href":"https:\/\/derechosinfronteras.pe\/ingles\/wp-json\/wp\/v2\/tags?post=7367"}],"curies":[{"name":"wp","href":"https:\/\/api.w.org\/{rel}","templated":true}]}}