{"id":7414,"date":"2024-08-15T11:42:38","date_gmt":"2024-08-15T16:42:38","guid":{"rendered":"https:\/\/derechosinfronteras.pe\/?p=7414"},"modified":"2024-08-16T13:18:00","modified_gmt":"2024-08-16T18:18:00","slug":"criminalizacion-de-comuneros-en-urinsaya-cusco-genera-criticas-al-ministerio-publico","status":"publish","type":"post","link":"https:\/\/derechosinfronteras.pe\/ingles\/criminalizacion-de-comuneros-en-urinsaya-cusco-genera-criticas-al-ministerio-publico\/","title":{"rendered":"CRIMINALIZACI\u00d3N DE COMUNEROS EN URINSAYA, CUSCO, GENERA CR\u00cdTICAS AL MINISTERIO P\u00daBLICO"},"content":{"rendered":"<p><strong><em>Durante la investigaci\u00f3n, se han registrado m\u00faltiples irregularidades contra defensores territoriales<\/em><\/strong><\/p>\n\n\n\n<p>El Ministerio P\u00fablico enfrenta severas cr\u00edticas luego de que la Fiscal de la provincia de Espinar, Carmen Rosa Salas Achircana, solicit\u00f3 una condena de treinta a\u00f1os de prisi\u00f3n y una reparaci\u00f3n civil de diez mil soles contra miembros de la comunidad originaria de Urinsaya, ubicada en el distrito de Coporaque, provincia de Espinar, Cusco. La solicitud se relaciona con un incidente ocurrido en enero de 2020 durante una protesta social contra el Gobierno y la empresa minera MMG Las Bambas.<\/p>\n\n\n\n<p><strong><em>Origen del Conflicto<\/em><\/strong><\/p>\n\n\n\n<p>El 28 de enero de 2020, la comunidad de Urinsaya convoc\u00f3 un paro indefinido en rechazo a la empresa minera MMG Las Bambas y al Gobierno, exigiendo la anulaci\u00f3n de la Resoluci\u00f3n Ministerial N.\u00ba 054-2019-MTC, que reclasificaba una v\u00eda comunal como nacional. En ese contexto, el 30 de enero, comuneros identificaron a una persona desconocida fotografiando y grabando sus asambleas. Este individuo result\u00f3 ser Elvis Flores Maldonado, un trabajador de PROSEGUR contratado para brindar seguridad a la empresa minera.<\/p>\n\n\n\n<figure class=\"wp-block-image size-large\"><img fetchpriority=\"high\" decoding=\"async\" width=\"1024\" height=\"682\" src=\"https:\/\/derechosinfronteras.pe\/wp-content\/uploads\/2024\/08\/FOTO-1-1-1024x682.jpg\" alt=\"\" class=\"wp-image-7415\" srcset=\"https:\/\/derechosinfronteras.pe\/wp-content\/uploads\/2024\/08\/FOTO-1-1-1024x682.jpg 1024w, https:\/\/derechosinfronteras.pe\/wp-content\/uploads\/2024\/08\/FOTO-1-1-300x200.jpg 300w, https:\/\/derechosinfronteras.pe\/wp-content\/uploads\/2024\/08\/FOTO-1-1-768x511.jpg 768w, https:\/\/derechosinfronteras.pe\/wp-content\/uploads\/2024\/08\/FOTO-1-1.jpg 1000w\" sizes=\"(max-width: 1024px) 100vw, 1024px\" \/><\/figure>\n\n\n\n<p><strong><em>Irregularidades en el Proceso<\/em><\/strong><\/p>\n\n\n\n<p>El 30 de enero de 2020, la Fiscal\u00eda de Espinar recibi\u00f3 la denuncia de que Elvis Flores hab\u00eda sido secuestrado por los comuneros. A pesar de que Flores se encontraba hospedado en una habitaci\u00f3n de hospedaje desde el 27 de enero, la intervenci\u00f3n fiscal ha sido cuestionada por diversas irregularidades. La Fiscal\u00eda detuvo a Virginia Cca\u00f1a, due\u00f1a del hospedaje, quien, seg\u00fan su abogado, fue forzada a declarar.<\/p>\n\n\n\n<p>Durante la investigaci\u00f3n, se han registrado m\u00faltiples irregularidades, incluyendo la realizaci\u00f3n de diligencias sin la presencia del abogado de los acusados y la falta de cumplimiento de peticiones de la defensa, como la ampliaci\u00f3n de la declaraci\u00f3n de la testigo Vicki Virginia Cca\u00f1a Ccolque y la revisi\u00f3n de un video crucial. Estas irregularidades han comprometido el derecho a una defensa adecuada y reflejan una posible arbitrariedad en la actuaci\u00f3n de la Fiscal\u00eda.<\/p>\n\n\n\n<p><strong><em>Principio de No Criminalizaci\u00f3n<\/em><\/strong><\/p>\n\n\n\n<p>El caso tambi\u00e9n ha puesto en tela de juicio la aplicaci\u00f3n del \u00abprincipio de no criminalizaci\u00f3n\u00bb en Per\u00fa, que estipula que los fiscales deben realizar un an\u00e1lisis exhaustivo antes de presentar denuncias contra defensores de derechos humanos y del territorio para evitar su criminalizaci\u00f3n. Este principio parece no haberse aplicado en este caso, generando un debate sobre la protecci\u00f3n de los defensores territoriales.<\/p>\n\n\n\n<p><strong><em>Pr\u00f3ximos Pasos<\/em><\/strong><\/p>\n\n\n\n<p>El juicio oral est\u00e1 previsto para comenzar la \u00faltima semana de agosto de 2024, marcando un nuevo cap\u00edtulo en esta pol\u00e9mica y destacando la necesidad de un an\u00e1lisis m\u00e1s profundo y justo en casos que involucran a defensores de derechos humanos.<\/p>\n\n\n\n<p><strong><em>\u00bfQui\u00e9nes est\u00e1n en el proceso?<\/em><\/strong><\/p>\n\n\n\n<p>Comuneras y comuneros pertenecientes a la comunidad originaria Urinsaya, por haber ejercido su derecho fundamental a la protesta social, por lo que se auto reconocen como personas defensoras de derechos humanos y territorio.<\/p>\n\n\n\n<p><strong><em>VIDEO:<\/em><\/strong> https:\/\/www.facebook.com\/watch\/?v=619927152097585<\/p>\n\n\n\n<p>&#8211; Gregorio Zinanyuca Quispe, Brigida Huamani Huillca, Jorge Kana Taco, Isaias Kana Huillca,  Guillermo Kana Chuma, Matilde Huamani Ccompi, Guillermo Hermogenes Quispe Taco, Roger Choqqueccotta Qquehue, Santos Gregorio Arphi Quise, Abel Kana Quispe.<\/p>\n\n\n\n<p><strong><em>\u00c1rea de Comunicaci\u00f3n e Incidencia Pol\u00edtica &#8211; DHSF<\/em><\/strong><\/p>\n\n\n\n<p><\/p>","protected":false},"excerpt":{"rendered":"<p>Durante la investigaci\u00f3n, se han registrado m\u00faltiples irregularidades contra defensores territoriales El Ministerio P\u00fablico enfrenta severas cr\u00edticas luego de que la Fiscal de la provincia de Espinar, Carmen Rosa Salas Achircana, solicit\u00f3 una condena de treinta a\u00f1os de prisi\u00f3n y una reparaci\u00f3n civil de diez mil soles contra miembros de la comunidad originaria de Urinsaya, [&hellip;]<\/p>\n","protected":false},"author":1,"featured_media":7407,"comment_status":"open","ping_status":"open","sticky":false,"template":"","format":"standard","meta":{"_monsterinsights_skip_tracking":false,"_monsterinsights_sitenote_active":false,"_monsterinsights_sitenote_note":"","_monsterinsights_sitenote_category":0,"_jetpack_memberships_contains_paid_content":false,"footnotes":"","jetpack_publicize_message":"","jetpack_publicize_feature_enabled":true,"jetpack_social_post_already_shared":false,"jetpack_social_options":{"image_generator_settings":{"template":"highway","enabled":false},"version":2}},"categories":[1],"tags":[120,91,124,69,122],"class_list":["post-7414","post","type-post","status-publish","format-standard","has-post-thumbnail","hentry","category-sin-categoria","tag-comuneros-de-urinsaya","tag-cusco","tag-defensores-territoriales","tag-mmg-las-bambas","tag-urinsaya"],"blocksy_meta":[],"jetpack_publicize_connections":[],"jetpack_featured_media_url":"https:\/\/derechosinfronteras.pe\/wp-content\/uploads\/2024\/08\/FOTO-1.jpg","jetpack_sharing_enabled":true,"jetpack_likes_enabled":true,"_links":{"self":[{"href":"https:\/\/derechosinfronteras.pe\/ingles\/wp-json\/wp\/v2\/posts\/7414","targetHints":{"allow":["GET"]}}],"collection":[{"href":"https:\/\/derechosinfronteras.pe\/ingles\/wp-json\/wp\/v2\/posts"}],"about":[{"href":"https:\/\/derechosinfronteras.pe\/ingles\/wp-json\/wp\/v2\/types\/post"}],"author":[{"embeddable":true,"href":"https:\/\/derechosinfronteras.pe\/ingles\/wp-json\/wp\/v2\/users\/1"}],"replies":[{"embeddable":true,"href":"https:\/\/derechosinfronteras.pe\/ingles\/wp-json\/wp\/v2\/comments?post=7414"}],"version-history":[{"count":1,"href":"https:\/\/derechosinfronteras.pe\/ingles\/wp-json\/wp\/v2\/posts\/7414\/revisions"}],"predecessor-version":[{"id":7416,"href":"https:\/\/derechosinfronteras.pe\/ingles\/wp-json\/wp\/v2\/posts\/7414\/revisions\/7416"}],"wp:featuredmedia":[{"embeddable":true,"href":"https:\/\/derechosinfronteras.pe\/ingles\/wp-json\/wp\/v2\/media\/7407"}],"wp:attachment":[{"href":"https:\/\/derechosinfronteras.pe\/ingles\/wp-json\/wp\/v2\/media?parent=7414"}],"wp:term":[{"taxonomy":"category","embeddable":true,"href":"https:\/\/derechosinfronteras.pe\/ingles\/wp-json\/wp\/v2\/categories?post=7414"},{"taxonomy":"post_tag","embeddable":true,"href":"https:\/\/derechosinfronteras.pe\/ingles\/wp-json\/wp\/v2\/tags?post=7414"}],"curies":[{"name":"wp","href":"https:\/\/api.w.org\/{rel}","templated":true}]}}