{"id":7460,"date":"2024-09-17T18:08:44","date_gmt":"2024-09-17T23:08:44","guid":{"rendered":"https:\/\/derechosinfronteras.pe\/?p=7460"},"modified":"2024-09-22T23:11:39","modified_gmt":"2024-09-23T04:11:39","slug":"indignacion-en-la-comunidad-hatun-ccollana-por-la-falta-de-soluciones-en-la-mesa-de-dialogo","status":"publish","type":"post","link":"https:\/\/derechosinfronteras.pe\/ingles\/indignacion-en-la-comunidad-hatun-ccollana-por-la-falta-de-soluciones-en-la-mesa-de-dialogo\/","title":{"rendered":"INDIGNACI\u00d3N EN LA COMUNIDAD HATUN CCOLLANA POR LA FALTA DE SOLUCIONES EN LA MESA DE DI\u00c1LOGO"},"content":{"rendered":"<figure class=\"wp-block-image size-large\"><img fetchpriority=\"high\" decoding=\"async\" width=\"1024\" height=\"771\" src=\"https:\/\/derechosinfronteras.pe\/wp-content\/uploads\/2024\/09\/WhatsApp-Image-2024-09-17-at-3.54.47-PM-1024x771.jpeg\" alt=\"\" class=\"wp-image-7461\" srcset=\"https:\/\/derechosinfronteras.pe\/wp-content\/uploads\/2024\/09\/WhatsApp-Image-2024-09-17-at-3.54.47-PM-1024x771.jpeg 1024w, https:\/\/derechosinfronteras.pe\/wp-content\/uploads\/2024\/09\/WhatsApp-Image-2024-09-17-at-3.54.47-PM-300x226.jpeg 300w, https:\/\/derechosinfronteras.pe\/wp-content\/uploads\/2024\/09\/WhatsApp-Image-2024-09-17-at-3.54.47-PM-768x578.jpeg 768w, https:\/\/derechosinfronteras.pe\/wp-content\/uploads\/2024\/09\/WhatsApp-Image-2024-09-17-at-3.54.47-PM-1536x1156.jpeg 1536w, https:\/\/derechosinfronteras.pe\/wp-content\/uploads\/2024\/09\/WhatsApp-Image-2024-09-17-at-3.54.47-PM.jpeg 1000w\" sizes=\"(max-width: 1024px) 100vw, 1024px\" \/><\/figure>\n\n\n\n<p>Desde el 16 de septiembre, la comunidad de Hatun Ccollana, ubicada en el distrito de Velille, provincia de Chumbivilcas, Cusco, se encuentra inmersa en una mesa de di\u00e1logo convocada para abordar los graves problemas de contaminaci\u00f3n ambiental y el incumplimiento de compromisos asumidos de la empresa minera Las Bambas que figuran en el convenio marco. A pesar de que esta mesa se encuentra en su segundo d\u00eda, tras la protesta que inici\u00f3 el 14 de setiembre, la comunidad expresa un creciente malestar debido a la ausencia de soluciones concretas a sus demandas.<\/p>\n\n\n\n<p>Los miembros de la comunidad han manifestado su descontento al se\u00f1alar que los representantes de Las Bambas no est\u00e1n demostrando una capacidad resolutiva adecuada. Adem\u00e1s, critican la falta de apoyo por parte de los representantes de la PCM presentes en la mesa, quienes, seg\u00fan la comunidad, no est\u00e1n colaborando efectivamente para encontrar soluciones a los problemas planteados. La situaci\u00f3n contin\u00faa siendo tensa mientras se espera una respuesta que aborde adecuadamente las preocupaciones de Hatun Ccollana.<\/p>\n\n\n\n<p>Mientras la mesa de di\u00e1logo contin\u00faa en la comunidad, otra parte de las y los comuneros siguen en protesta, exigen soluciones concretas para remediar la contaminaci\u00f3n ambiental que ocasiona los camiones encapsulados de la empresa minera Las Bambas que transitan por su carretera comunal, contaminando el aire, el agua, sus cultivos, su ganado y la salud de su poblaci\u00f3n. La comunidad exige que pongan fin a estos problemas y mejoren su calidad de vida.<\/p>\n\n\n\n<p><em><strong>\u00c1rea de comunicaci\u00f3n e incidencia pol\u00edtica &#8211; DHSF<\/strong><\/em><\/p>\n\n\n\n<p><\/p>","protected":false},"excerpt":{"rendered":"<p>Desde el 16 de septiembre, la comunidad de Hatun Ccollana, ubicada en el distrito de Velille, provincia de Chumbivilcas, Cusco, se encuentra inmersa en una mesa de di\u00e1logo convocada para abordar los graves problemas de contaminaci\u00f3n ambiental y el incumplimiento de compromisos asumidos de la empresa minera Las Bambas que figuran en el convenio marco. [&hellip;]<\/p>\n","protected":false},"author":1,"featured_media":7461,"comment_status":"open","ping_status":"open","sticky":false,"template":"","format":"standard","meta":{"_monsterinsights_skip_tracking":false,"_monsterinsights_sitenote_active":false,"_monsterinsights_sitenote_note":"","_monsterinsights_sitenote_category":0,"_jetpack_memberships_contains_paid_content":false,"footnotes":"","jetpack_publicize_message":"","jetpack_publicize_feature_enabled":true,"jetpack_social_post_already_shared":false,"jetpack_social_options":{"image_generator_settings":{"template":"highway","enabled":false},"version":2}},"categories":[157],"tags":[146,72,68,148],"class_list":["post-7460","post","type-post","status-publish","format-standard","has-post-thumbnail","hentry","category-area-de-comunicacion","tag-comunidad-hatun-ccollana","tag-contaminacion-ambiental","tag-las-bambas","tag-mesa-de-dialogo"],"blocksy_meta":[],"jetpack_publicize_connections":[],"jetpack_featured_media_url":"https:\/\/derechosinfronteras.pe\/wp-content\/uploads\/2024\/09\/WhatsApp-Image-2024-09-17-at-3.54.47-PM.jpeg","jetpack_sharing_enabled":true,"jetpack_likes_enabled":true,"_links":{"self":[{"href":"https:\/\/derechosinfronteras.pe\/ingles\/wp-json\/wp\/v2\/posts\/7460","targetHints":{"allow":["GET"]}}],"collection":[{"href":"https:\/\/derechosinfronteras.pe\/ingles\/wp-json\/wp\/v2\/posts"}],"about":[{"href":"https:\/\/derechosinfronteras.pe\/ingles\/wp-json\/wp\/v2\/types\/post"}],"author":[{"embeddable":true,"href":"https:\/\/derechosinfronteras.pe\/ingles\/wp-json\/wp\/v2\/users\/1"}],"replies":[{"embeddable":true,"href":"https:\/\/derechosinfronteras.pe\/ingles\/wp-json\/wp\/v2\/comments?post=7460"}],"version-history":[{"count":1,"href":"https:\/\/derechosinfronteras.pe\/ingles\/wp-json\/wp\/v2\/posts\/7460\/revisions"}],"predecessor-version":[{"id":7462,"href":"https:\/\/derechosinfronteras.pe\/ingles\/wp-json\/wp\/v2\/posts\/7460\/revisions\/7462"}],"wp:featuredmedia":[{"embeddable":true,"href":"https:\/\/derechosinfronteras.pe\/ingles\/wp-json\/wp\/v2\/media\/7461"}],"wp:attachment":[{"href":"https:\/\/derechosinfronteras.pe\/ingles\/wp-json\/wp\/v2\/media?parent=7460"}],"wp:term":[{"taxonomy":"category","embeddable":true,"href":"https:\/\/derechosinfronteras.pe\/ingles\/wp-json\/wp\/v2\/categories?post=7460"},{"taxonomy":"post_tag","embeddable":true,"href":"https:\/\/derechosinfronteras.pe\/ingles\/wp-json\/wp\/v2\/tags?post=7460"}],"curies":[{"name":"wp","href":"https:\/\/api.w.org\/{rel}","templated":true}]}}