{"id":8347,"date":"2024-11-08T19:09:39","date_gmt":"2024-11-09T00:09:39","guid":{"rendered":"https:\/\/derechosinfronteras.pe\/?p=8347"},"modified":"2024-11-08T19:09:42","modified_gmt":"2024-11-09T00:09:42","slug":"defensa-de-comuneros-de-urinsaya-cuestiona-desestimacion-de-pruebas-por-parte-de-la-fiscal-de-espinar","status":"publish","type":"post","link":"https:\/\/derechosinfronteras.pe\/ingles\/defensa-de-comuneros-de-urinsaya-cuestiona-desestimacion-de-pruebas-por-parte-de-la-fiscal-de-espinar\/","title":{"rendered":"DEFENSA DE COMUNEROS DE URINSAYA CUESTIONA DESESTIMACI\u00d3N DE PRUEBAS POR PARTE DE LA FISCAL DE ESPINAR"},"content":{"rendered":"<p>En agosto del presente a\u00f1o, inici\u00f3 el juicio oral contra diez comuneros de la comunidad originaria Urinsaya de la provincia de Espinar, que vienen siendo acusados de secuestro por la Fiscal\u00eda en medio de una protesta social. La comunidad se manifestaba en contra de la contaminaci\u00f3n ambiental y el incumplimiento de acuerdos por parte de la empresa minera Las Bambas. La Fiscal\u00eda ha solicitado penas de hasta 20 a\u00f1os de prisi\u00f3n y una reparaci\u00f3n civil de diez mil soles.<\/p>\n\n\n\n<figure class=\"wp-block-image size-full is-resized\"><img fetchpriority=\"high\" decoding=\"async\" width=\"1000\" height=\"667\" src=\"https:\/\/derechosinfronteras.pe\/wp-content\/uploads\/2024\/11\/FOTO-01-CASO-URINSAYA.jpg\" alt=\"\" class=\"wp-image-8348\" style=\"width:700px;height:auto\" srcset=\"https:\/\/derechosinfronteras.pe\/wp-content\/uploads\/2024\/11\/FOTO-01-CASO-URINSAYA.jpg 1000w, https:\/\/derechosinfronteras.pe\/wp-content\/uploads\/2024\/11\/FOTO-01-CASO-URINSAYA-300x200.jpg 300w, https:\/\/derechosinfronteras.pe\/wp-content\/uploads\/2024\/11\/FOTO-01-CASO-URINSAYA-768x512.jpg 768w\" sizes=\"(max-width: 1000px) 100vw, 1000px\" \/><\/figure>\n\n\n\n<p>El lunes 21 de octubre se llev\u00f3 a cabo la s\u00e9ptima sesi\u00f3n del juicio, en la que el Ministerio P\u00fablico desestim\u00f3 como medio probatorio la acreditaci\u00f3n de comuneros calificados, argumentando que se trataba de una prueba impertinente y ajena a los hechos del caso. Al respecto, el Dr. Aroldo Vera, abogado de Derechos Humanos Sin Fronteras que representa a tres de los acusados, se\u00f1al\u00f3 que esta afirmaci\u00f3n es incoherente, ya que la Fiscal\u00eda fundamenta la pena de 20 a\u00f1os de prisi\u00f3n precisamente porque no considera que los acusados pertenezcan a un pueblo originario.<\/p>\n\n\n\n<p>El abogado Vera plantea este cuestionamiento bas\u00e1ndose en el Convenio 169 de la OIT, un acuerdo internacional al que est\u00e1 suscrito el Estado peruano. En su art\u00edculo 10, el convenio establece que se debe considerar la cultura del pueblo originario al momento de emitir una sentencia. Por lo tanto, si se dictara una sentencia condenatoria, esta deber\u00eda evaluar tambi\u00e9n medidas alternativas al encarcelamiento.<\/p>\n\n\n\n<p>Por otro lado, el abogado de los defensores criminalizados destac\u00f3 la importancia de que el Programa de las Naciones Unidas en el Per\u00fa (PNUP) act\u00faa como veedor del proceso. Subray\u00f3 que es fundamental que los jueces sean conscientes de que est\u00e1n siendo observados a nivel internacional en lo que respecta al respeto de los derechos humanos.<\/p>\n\n\n\n<p>\u00c1rea de Comunicaci\u00f3n e Incidencia Pol\u00edtica &#8211; DHSF<\/p>","protected":false},"excerpt":{"rendered":"<p>En agosto del presente a\u00f1o, inici\u00f3 el juicio oral contra diez comuneros de la comunidad originaria Urinsaya de la provincia de Espinar, que vienen siendo acusados de secuestro por la Fiscal\u00eda en medio de una protesta social. La comunidad se manifestaba en contra de la contaminaci\u00f3n ambiental y el incumplimiento de acuerdos por parte de [&hellip;]<\/p>\n","protected":false},"author":1,"featured_media":8348,"comment_status":"open","ping_status":"open","sticky":false,"template":"","format":"standard","meta":{"_monsterinsights_skip_tracking":false,"_monsterinsights_sitenote_active":false,"_monsterinsights_sitenote_note":"","_monsterinsights_sitenote_category":0,"_jetpack_memberships_contains_paid_content":false,"footnotes":"","jetpack_publicize_message":"","jetpack_publicize_feature_enabled":true,"jetpack_social_post_already_shared":false,"jetpack_social_options":{"image_generator_settings":{"template":"highway","enabled":false},"version":2}},"categories":[157],"tags":[60,161,62,162,122],"class_list":["post-8347","post","type-post","status-publish","format-standard","has-post-thumbnail","hentry","category-area-de-comunicacion","tag-criminalizacion-2","tag-empresa-minera","tag-espinar","tag-pnup","tag-urinsaya"],"blocksy_meta":[],"jetpack_publicize_connections":[],"jetpack_featured_media_url":"https:\/\/derechosinfronteras.pe\/wp-content\/uploads\/2024\/11\/FOTO-01-CASO-URINSAYA.jpg","jetpack_sharing_enabled":true,"jetpack_likes_enabled":true,"_links":{"self":[{"href":"https:\/\/derechosinfronteras.pe\/ingles\/wp-json\/wp\/v2\/posts\/8347","targetHints":{"allow":["GET"]}}],"collection":[{"href":"https:\/\/derechosinfronteras.pe\/ingles\/wp-json\/wp\/v2\/posts"}],"about":[{"href":"https:\/\/derechosinfronteras.pe\/ingles\/wp-json\/wp\/v2\/types\/post"}],"author":[{"embeddable":true,"href":"https:\/\/derechosinfronteras.pe\/ingles\/wp-json\/wp\/v2\/users\/1"}],"replies":[{"embeddable":true,"href":"https:\/\/derechosinfronteras.pe\/ingles\/wp-json\/wp\/v2\/comments?post=8347"}],"version-history":[{"count":2,"href":"https:\/\/derechosinfronteras.pe\/ingles\/wp-json\/wp\/v2\/posts\/8347\/revisions"}],"predecessor-version":[{"id":8350,"href":"https:\/\/derechosinfronteras.pe\/ingles\/wp-json\/wp\/v2\/posts\/8347\/revisions\/8350"}],"wp:featuredmedia":[{"embeddable":true,"href":"https:\/\/derechosinfronteras.pe\/ingles\/wp-json\/wp\/v2\/media\/8348"}],"wp:attachment":[{"href":"https:\/\/derechosinfronteras.pe\/ingles\/wp-json\/wp\/v2\/media?parent=8347"}],"wp:term":[{"taxonomy":"category","embeddable":true,"href":"https:\/\/derechosinfronteras.pe\/ingles\/wp-json\/wp\/v2\/categories?post=8347"},{"taxonomy":"post_tag","embeddable":true,"href":"https:\/\/derechosinfronteras.pe\/ingles\/wp-json\/wp\/v2\/tags?post=8347"}],"curies":[{"name":"wp","href":"https:\/\/api.w.org\/{rel}","templated":true}]}}