{"id":8353,"date":"2024-11-29T10:59:28","date_gmt":"2024-11-29T15:59:28","guid":{"rendered":"https:\/\/derechosinfronteras.pe\/?p=8353"},"modified":"2024-11-29T11:06:00","modified_gmt":"2024-11-29T16:06:00","slug":"comunidad-de-urinsaya-sistema-judicial-criminaliza-a-quienes-defienden-sus-derechos","status":"publish","type":"post","link":"https:\/\/derechosinfronteras.pe\/ingles\/comunidad-de-urinsaya-sistema-judicial-criminaliza-a-quienes-defienden-sus-derechos\/","title":{"rendered":"COMUNIDAD DE URINSAYA: SISTEMA JUDICIAL CRIMINALIZA A QUIENES DEFIENDEN SUS DERECHOS"},"content":{"rendered":"<p>El 26 de noviembre, se llev\u00f3 a cabo una reuni\u00f3n con periodistas de Cusco en la que participaron los abogados de Derechos Humanos Sin Fronteras, junto a dos v\u00edctimas de criminalizaci\u00f3n de la comunidad originaria Urinsaya. En el encuentro, se expuso c\u00f3mo el proceso legal iniciado por la Fiscal de Espinar est\u00e1 afectando a dos comuneras y ocho comuneros de la comunidad. Durante el conversatorio, los periodistas recibieron la siguiente informaci\u00f3n:<\/p>\n\n\n\n<figure class=\"wp-block-image size-full\"><img fetchpriority=\"high\" decoding=\"async\" width=\"1000\" height=\"667\" src=\"https:\/\/derechosinfronteras.pe\/wp-content\/uploads\/2024\/11\/urinsaya-01.jpg\" alt=\"\" class=\"wp-image-8354\" srcset=\"https:\/\/derechosinfronteras.pe\/wp-content\/uploads\/2024\/11\/urinsaya-01.jpg 1000w, https:\/\/derechosinfronteras.pe\/wp-content\/uploads\/2024\/11\/urinsaya-01-300x200.jpg 300w, https:\/\/derechosinfronteras.pe\/wp-content\/uploads\/2024\/11\/urinsaya-01-768x512.jpg 768w\" sizes=\"(max-width: 1000px) 100vw, 1000px\" \/><\/figure>\n\n\n\n<p><strong>Contexto<\/strong><\/p>\n\n\n\n<p>En enero del 2020, la comunidad originaria de Urinsaya, del distrito de Coporaque en Espinar, se moviliz\u00f3 para denunciar la contaminaci\u00f3n ambiental e incumplimiento de acuerdos firmado con la empresa minera MMG Las Bambas por el uso de su carretera comunal. La situaci\u00f3n se agrav\u00f3 cuando el gobierno emiti\u00f3 la R.M. N.\u00ba 054-2019-MTC, reclasificando la v\u00eda comunal a v\u00eda nacional sin consulta previa, violando derechos reconocidos por el Convenio 169 de la OIT.<\/p>\n\n\n\n<p>Bajo ese escenario, la fiscal de Espinar Carmen Rosa Salas Achircana acus\u00f3 a dos comuneras y ocho comuneros de Urinsaya por el presunto delito de secuestro tras la denuncia interpuesta por un trabajador de una empresa de seguridad contratada por la minera Las Bambas. Algo que no tiene coherencia es que el supuesto agraviado no conoce a ninguno de los acusados. A pesar de la falta de pruebas y graves irregularidades en la investigaci\u00f3n, como la realizaci\u00f3n de diligencias sin la presencia del abogado defensor de los acusados, la Fiscal\u00eda ha solicitado penas de hasta 20 a\u00f1os de prisi\u00f3n y una reparaci\u00f3n civil de diez mil soles.<\/p>\n\n\n\n<p><strong>\u00bfCu\u00e1l es el estado del juicio oral?<\/strong><\/p>\n\n\n\n<p>El Ministerio P\u00fablico desestim\u00f3 la acreditaci\u00f3n de comuneros calificados como medio probatorio, argumentando que se trata de una prueba impertinente y ajena a los hechos del caso. Sin embargo, este argumento transgrede lo establecido en el Convenio 169 de la OIT. Adem\u00e1s, en la mayor\u00eda de las sesiones, la fiscal de Espinar, Carmen Rosa Salas, ha solicitado de manera constante al colegiado que las audiencias no sean p\u00fablicas. Esta solicitud carece de fundamento legal, ya que contravendr\u00eda los principios fundamentales del juicio.<\/p>\n\n\n\n<p>Adem\u00e1s, en una de las sesiones, el denunciante afirm\u00f3 categ\u00f3ricamente que nunca present\u00f3 una denuncia por secuestro. Ante esta situaci\u00f3n, surge la interrogante: \u00bfqui\u00e9n realmente present\u00f3 la denuncia?<\/p>\n\n\n\n<figure class=\"wp-block-image size-full\"><img decoding=\"async\" width=\"1000\" height=\"562\" src=\"https:\/\/derechosinfronteras.pe\/wp-content\/uploads\/2024\/11\/urinsaya-02.jpg\" alt=\"\" class=\"wp-image-8355\" srcset=\"https:\/\/derechosinfronteras.pe\/wp-content\/uploads\/2024\/11\/urinsaya-02.jpg 1000w, https:\/\/derechosinfronteras.pe\/wp-content\/uploads\/2024\/11\/urinsaya-02-300x169.jpg 300w, https:\/\/derechosinfronteras.pe\/wp-content\/uploads\/2024\/11\/urinsaya-02-768x432.jpg 768w\" sizes=\"(max-width: 1000px) 100vw, 1000px\" \/><\/figure>\n\n\n\n<p><strong>\u00bfQu\u00e9 patrones de criminalizaci\u00f3n presenta el caso Urinsaya?<\/strong><\/p>\n\n\n\n<p>En este caso, tiene el patr\u00f3n de criminalizaci\u00f3n por participar en la protesta social. La mayor\u00eda de los imputados ocupaban cargos dirigenciales. En muchos casos, el proceso penal incluye a los familiares de los investigados a pesar que estos no hayan participado en la protesta social. A menudo, se les asigna un papel que nunca desempe\u00f1aron, lo que genera angustia y afecta la estabilidad emocional, tanto de los familiares como de los investigados.<\/p>\n\n\n\n<p><strong>\u00bfQui\u00e9nes est\u00e1n criminalizados?<\/strong><\/p>\n\n\n\n<p>Comuneras y comuneros que se auto reconocen como personas defensoras de derechos humanos y del territorio: Br\u00edgida Huaman\u00ed Huillca, Matilde Huaman\u00ed Ccompi, Gregorio Zinanyuca Quispe, Jorge Kana Taco, Isaias Kana Huillca, Guillermo Kana Chuma, Guillermo Hermogenes Quispe Taco, Roger Choqqueccotta Qquehue, Santos Gregorio Arphi Quise y Abel Kana Quispe<\/p>\n\n\n\n<p>Es importante resaltar que el caso Urinsaya cuenta con cuatro veedur\u00edas importantes: Las Naciones Unidas, la Cl\u00ednica Jur\u00eddica de la Universidad Nacional San Antonio Abad, la Coordinadora Nacional de Derechos Humanos, Asociaci\u00f3n Inter\u00e9tnica de Desarrollo de la Selva Peruana (AIDASEP). Es fundamental que el colegiado sea consciente de que este proceso est\u00e1 siendo monitoreado tanto a nivel nacional como internacional.<\/p>\n\n\n\n<p>#JusticiaParaUrinsaya #NoALaCriminalizaci\u00f3n<\/p>\n\n\n\n<p><em><strong>\u00c1rea de Comunicaci\u00f3n de DHSF<\/strong><\/em><\/p>","protected":false},"excerpt":{"rendered":"<p>El 26 de noviembre, se llev\u00f3 a cabo una reuni\u00f3n con periodistas de Cusco en la que participaron los abogados de Derechos Humanos Sin Fronteras, junto a dos v\u00edctimas de criminalizaci\u00f3n de la comunidad originaria Urinsaya. En el encuentro, se expuso c\u00f3mo el proceso legal iniciado por la Fiscal de Espinar est\u00e1 afectando a dos [&hellip;]<\/p>\n","protected":false},"author":1,"featured_media":8358,"comment_status":"open","ping_status":"open","sticky":false,"template":"","format":"standard","meta":{"_monsterinsights_skip_tracking":false,"_monsterinsights_sitenote_active":false,"_monsterinsights_sitenote_note":"","_monsterinsights_sitenote_category":0,"_jetpack_memberships_contains_paid_content":false,"footnotes":"","jetpack_publicize_message":"","jetpack_publicize_feature_enabled":true,"jetpack_social_post_already_shared":false,"jetpack_social_options":{"image_generator_settings":{"template":"highway","enabled":false},"version":2}},"categories":[157],"tags":[165,163,60,62,164,69,122],"class_list":["post-8353","post","type-post","status-publish","format-standard","has-post-thumbnail","hentry","category-area-de-comunicacion","tag-justiciaparaurinsaya","tag-carmen-rosa-salas","tag-criminalizacion-2","tag-espinar","tag-fiscal-de-espinar","tag-mmg-las-bambas","tag-urinsaya"],"blocksy_meta":[],"jetpack_publicize_connections":[],"jetpack_featured_media_url":"https:\/\/derechosinfronteras.pe\/wp-content\/uploads\/2024\/11\/urinsaya-01-1.jpg","jetpack_sharing_enabled":true,"jetpack_likes_enabled":true,"_links":{"self":[{"href":"https:\/\/derechosinfronteras.pe\/ingles\/wp-json\/wp\/v2\/posts\/8353","targetHints":{"allow":["GET"]}}],"collection":[{"href":"https:\/\/derechosinfronteras.pe\/ingles\/wp-json\/wp\/v2\/posts"}],"about":[{"href":"https:\/\/derechosinfronteras.pe\/ingles\/wp-json\/wp\/v2\/types\/post"}],"author":[{"embeddable":true,"href":"https:\/\/derechosinfronteras.pe\/ingles\/wp-json\/wp\/v2\/users\/1"}],"replies":[{"embeddable":true,"href":"https:\/\/derechosinfronteras.pe\/ingles\/wp-json\/wp\/v2\/comments?post=8353"}],"version-history":[{"count":2,"href":"https:\/\/derechosinfronteras.pe\/ingles\/wp-json\/wp\/v2\/posts\/8353\/revisions"}],"predecessor-version":[{"id":8359,"href":"https:\/\/derechosinfronteras.pe\/ingles\/wp-json\/wp\/v2\/posts\/8353\/revisions\/8359"}],"wp:featuredmedia":[{"embeddable":true,"href":"https:\/\/derechosinfronteras.pe\/ingles\/wp-json\/wp\/v2\/media\/8358"}],"wp:attachment":[{"href":"https:\/\/derechosinfronteras.pe\/ingles\/wp-json\/wp\/v2\/media?parent=8353"}],"wp:term":[{"taxonomy":"category","embeddable":true,"href":"https:\/\/derechosinfronteras.pe\/ingles\/wp-json\/wp\/v2\/categories?post=8353"},{"taxonomy":"post_tag","embeddable":true,"href":"https:\/\/derechosinfronteras.pe\/ingles\/wp-json\/wp\/v2\/tags?post=8353"}],"curies":[{"name":"wp","href":"https:\/\/api.w.org\/{rel}","templated":true}]}}