{"id":8429,"date":"2025-02-17T17:02:52","date_gmt":"2025-02-17T22:02:52","guid":{"rendered":"https:\/\/derechosinfronteras.pe\/?p=8429"},"modified":"2025-02-17T17:24:39","modified_gmt":"2025-02-17T22:24:39","slug":"comunidad-ccollpa-ccashahui-exigen-la-paralizacion-del-proyecto-minero-crespo-ante-amenaza-ambiental-e-inician-protestas","status":"publish","type":"post","link":"https:\/\/derechosinfronteras.pe\/ingles\/comunidad-ccollpa-ccashahui-exigen-la-paralizacion-del-proyecto-minero-crespo-ante-amenaza-ambiental-e-inician-protestas\/","title":{"rendered":"COMUNIDAD CCOLLPA CCASHAHUI EXIGE PARALIZACI\u00d3N DEL PROYECTO MINERO CRESPO ANTE AMENAZA  AMBIENTAL E INICIAN PROTESTAS"},"content":{"rendered":"<p>El pasado viernes 14 de febrero de 2025, un grupo de pobladores de la comunidad campesina originaria Ccollpa Ccashahui, ubicada en el distrito de LLusco, provincia de Chumbivilcas, se traslad\u00f3 al proyecto minero Crespo, situado cerca de la cabecera de cuenca de dicha comunidad. Los comuneros observaron con preocupaci\u00f3n que las intensas lluvias arrastraron materiales removidos para la construcci\u00f3n de las pozas de lixiviaci\u00f3n, infraestructura desarrollada por el proyecto minera Crespo. Adem\u00e1s, los comuneros constataron los rebalses de estas pozas, causados por las fuertes precipitaciones.<\/p>\n\n\n\n<figure class=\"wp-block-image size-full\"><img fetchpriority=\"high\" decoding=\"async\" width=\"1000\" height=\"753\" src=\"https:\/\/derechosinfronteras.pe\/wp-content\/uploads\/2025\/02\/WhatsApp-Image-2025-02-17-at-4.36.46-PM.jpeg\" alt=\"\" class=\"wp-image-8430\" srcset=\"https:\/\/derechosinfronteras.pe\/wp-content\/uploads\/2025\/02\/WhatsApp-Image-2025-02-17-at-4.36.46-PM.jpeg 1000w, https:\/\/derechosinfronteras.pe\/wp-content\/uploads\/2025\/02\/WhatsApp-Image-2025-02-17-at-4.36.46-PM-300x226.jpeg 300w, https:\/\/derechosinfronteras.pe\/wp-content\/uploads\/2025\/02\/WhatsApp-Image-2025-02-17-at-4.36.46-PM-768x578.jpeg 768w\" sizes=\"(max-width: 1000px) 100vw, 1000px\" \/><\/figure>\n\n\n\n<p>Los comuneros consideran que este proyecto minero que se viene instalando en cabecera de la cuenca del r\u00edo Santo Tom\u00e1s, representa una potencial amenaza ambiental, ya que se ubica en un ecosistema fr\u00e1gil que contaminar\u00eda el medio ambiente como los r\u00edos y valles productivos de los distritos de Santo Tom\u00e1s, Llusco, Qui\u00f1ota, Colquemarca y Ccapacmarca de la provincia de Chumbivilcas en Cusco.<\/p>\n\n\n\n<p>Ante esta situaci\u00f3n, los pobladores decidieron emprender una protesta indefinida al d\u00eda siguiente, exigiendo el cese de las actividades mineras en la cabecera de cuenca y, de manera directa, del proyecto minero Crespo. En un pronunciamiento oficial, solicitaron a las autoridades del Ministerio de Energ\u00eda y Minas (Minem), el Ministerio del Ambiente (Minam), SENACE y OEFA la paralizaci\u00f3n de los trabajos del proyecto minero Crespo, de propiedad de la empresa minera Apumayo SAC.<\/p>\n\n\n\n<figure class=\"wp-block-image size-full\"><img decoding=\"async\" width=\"801\" height=\"1000\" src=\"https:\/\/derechosinfronteras.pe\/wp-content\/uploads\/2025\/02\/PRONUNCIAMIENTO-CASO-PROYECTO-CRESPO-EN-CHUMBIVILCAS.jpg\" alt=\"\" class=\"wp-image-8437\" srcset=\"https:\/\/derechosinfronteras.pe\/wp-content\/uploads\/2025\/02\/PRONUNCIAMIENTO-CASO-PROYECTO-CRESPO-EN-CHUMBIVILCAS.jpg 801w, https:\/\/derechosinfronteras.pe\/wp-content\/uploads\/2025\/02\/PRONUNCIAMIENTO-CASO-PROYECTO-CRESPO-EN-CHUMBIVILCAS-240x300.jpg 240w, https:\/\/derechosinfronteras.pe\/wp-content\/uploads\/2025\/02\/PRONUNCIAMIENTO-CASO-PROYECTO-CRESPO-EN-CHUMBIVILCAS-768x959.jpg 768w\" sizes=\"(max-width: 801px) 100vw, 801px\" \/><\/figure>\n\n\n\n<p>En su pronunciamiento, los comuneros expresaron su desconocimiento sobre los acuerdos firmados entre la compa\u00f1\u00eda minera Ares SAC, que vendi\u00f3 el proyecto a Apumayo SAC, y los dirigentes locales. Se\u00f1alaron que dichos acuerdos facilitaron la obtenci\u00f3n de permisos para el Estudio de Impacto Ambiental (EIA) y el informe t\u00e9cnico sustentatorio inicial sin contar con la aprobaci\u00f3n de la asamblea comunal. Adem\u00e1s, denunciaron que Ares SAC no cumpli\u00f3 con el proceso de consulta previa establecido en el Convenio 169 de la OIT, ni con lo estipulado en el Decreto Supremo N\u00b0 028-2008-EM (Reglamento de participaci\u00f3n ciudadana en el sub sector minero).<\/p>\n\n\n\n<p>En una entrevista con el Instituto de Ingenieros de Minas del Per\u00fa (IIMP), Guillermo Shinno, gerente general corporativo de Minera Apumayo, asegur\u00f3 que el proyecto Crespo cuenta con todos los permisos necesarios para iniciar su construcci\u00f3n desde que se adquiri\u00f3 el proyecto. La empresa espera concluir la fase de construcci\u00f3n en febrero de 2025 y comenzar las operaciones mineras a mediados del mismo a\u00f1o.<\/p>\n\n\n\n<p>Crespo es un proyecto de mediana miner\u00eda de oro a tajo abierto, con una vida \u00fatil estimada de m\u00e1s de ocho a\u00f1os y recursos calculados en 800,000 onzas de oro. La inversi\u00f3n total prevista es de 150 millones de d\u00f3lares.<\/p>\n\n\n\n<p>Cabe destacar que Minera Apumayo tambi\u00e9n tiene otros seis proyectos de exploraci\u00f3n en el Per\u00fa, ubicados en las regiones de Ayacucho, Moquegua y Cusco. Seg\u00fan Guillermo Shinno, estos proyectos est\u00e1n orientados a la b\u00fasqueda de \u00f3xidos de oro diseminados, los cuales se extraen a tajo abierto y se procesan mediante lixiviaci\u00f3n, seg\u00fan se detall\u00f3 en el programa Di\u00e1logo Minero del IIMP.<\/p>\n\n\n\n<p><em>\u00c1rea de Comunicaci\u00f3n e Incidencia Pol\u00edtica &#8211; DHSF<\/em><\/p>","protected":false},"excerpt":{"rendered":"<p>El pasado viernes 14 de febrero de 2025, un grupo de pobladores de la comunidad campesina originaria Ccollpa Ccashahui, ubicada en el distrito de LLusco, provincia de Chumbivilcas, se traslad\u00f3 al proyecto minero Crespo, situado cerca de la cabecera de cuenca de dicha comunidad. Los comuneros observaron con preocupaci\u00f3n que las intensas lluvias arrastraron materiales [&hellip;]<\/p>\n","protected":false},"author":1,"featured_media":8430,"comment_status":"open","ping_status":"open","sticky":false,"template":"","format":"standard","meta":{"_monsterinsights_skip_tracking":false,"_monsterinsights_sitenote_active":false,"_monsterinsights_sitenote_note":"","_monsterinsights_sitenote_category":0,"_jetpack_memberships_contains_paid_content":false,"footnotes":"","jetpack_publicize_message":"","jetpack_publicize_feature_enabled":true,"jetpack_social_post_already_shared":false,"jetpack_social_options":{"image_generator_settings":{"template":"highway","enabled":false},"version":2}},"categories":[157],"tags":[170,94,171,80,173,55,100,101],"class_list":["post-8429","post","type-post","status-publish","format-standard","has-post-thumbnail","hentry","category-area-de-comunicacion","tag-amenaza-ambiental","tag-cabecera-de-cuenca","tag-ccolpa-ccashahui","tag-chumbivilcas","tag-minem","tag-oefa","tag-proyecto-minero-crespo","tag-senace"],"blocksy_meta":[],"jetpack_publicize_connections":[],"jetpack_featured_media_url":"https:\/\/derechosinfronteras.pe\/wp-content\/uploads\/2025\/02\/WhatsApp-Image-2025-02-17-at-4.36.46-PM.jpeg","jetpack_sharing_enabled":true,"jetpack_likes_enabled":true,"_links":{"self":[{"href":"https:\/\/derechosinfronteras.pe\/ingles\/wp-json\/wp\/v2\/posts\/8429","targetHints":{"allow":["GET"]}}],"collection":[{"href":"https:\/\/derechosinfronteras.pe\/ingles\/wp-json\/wp\/v2\/posts"}],"about":[{"href":"https:\/\/derechosinfronteras.pe\/ingles\/wp-json\/wp\/v2\/types\/post"}],"author":[{"embeddable":true,"href":"https:\/\/derechosinfronteras.pe\/ingles\/wp-json\/wp\/v2\/users\/1"}],"replies":[{"embeddable":true,"href":"https:\/\/derechosinfronteras.pe\/ingles\/wp-json\/wp\/v2\/comments?post=8429"}],"version-history":[{"count":6,"href":"https:\/\/derechosinfronteras.pe\/ingles\/wp-json\/wp\/v2\/posts\/8429\/revisions"}],"predecessor-version":[{"id":8441,"href":"https:\/\/derechosinfronteras.pe\/ingles\/wp-json\/wp\/v2\/posts\/8429\/revisions\/8441"}],"wp:featuredmedia":[{"embeddable":true,"href":"https:\/\/derechosinfronteras.pe\/ingles\/wp-json\/wp\/v2\/media\/8430"}],"wp:attachment":[{"href":"https:\/\/derechosinfronteras.pe\/ingles\/wp-json\/wp\/v2\/media?parent=8429"}],"wp:term":[{"taxonomy":"category","embeddable":true,"href":"https:\/\/derechosinfronteras.pe\/ingles\/wp-json\/wp\/v2\/categories?post=8429"},{"taxonomy":"post_tag","embeddable":true,"href":"https:\/\/derechosinfronteras.pe\/ingles\/wp-json\/wp\/v2\/tags?post=8429"}],"curies":[{"name":"wp","href":"https:\/\/api.w.org\/{rel}","templated":true}]}}